{"id":9414,"date":"2022-02-10T00:00:02","date_gmt":"2022-02-10T02:00:02","guid":{"rendered":"https:\/\/ultimato.com.br\/sites\/devocional-diaria\/?p=9414"},"modified":"2022-02-04T11:16:01","modified_gmt":"2022-02-04T13:16:01","slug":"pessoas-como-criancas","status":"publish","type":"post","link":"https:\/\/ultimato.com.br\/sites\/devocional-diaria\/2022\/02\/10\/autor\/eugene-h-peterson\/pessoas-como-criancas\/","title":{"rendered":"Pessoas como crian\u00e7as"},"content":{"rendered":"<p>Um dia, alguns estavam trazendo crian\u00e7as a Jesus, na esperan\u00e7a de que ele as aben\u00e7oasse e orasse por elas. Mas os disc\u00edpulos deram uma bronca nessa gente. Jesus, ent\u00e3o, interferiu: \u201cN\u00e3o tentem afastar essas crian\u00e7as! N\u00e3o as impe\u00e7am de vir a mim! O Reino de Deus \u00e9 feito de pessoas que s\u00e3o como crian\u00e7as\u201d. Depois de aben\u00e7o\u00e1-las, ele partiu. (Mateus 19.13-15)<\/p>\n<p>Os extremos da exist\u00eancia s\u00e3o unidos na vida de Jesus:\u00a0ele toca crian\u00e7as, imergindo-se nas realidades sensoriais e\u00a0f\u00edsicas do ser humano; e ele ora, lan\u00e7ando m\u00e3o das realidades\u00a0espirituais e invis\u00edveis de Deus.\u00a0Voc\u00ea separa o f\u00edsico do espiritual?<\/p>\n<p>Quero me sentir igualmente \u00e0 vontade, Senhor Jesus, nas\u00a0coisas materiais e f\u00edsicas e nas realidades espirituais e divinas\u00a0\u2013 do mesmo modo que fazias, tocando e orando.\u00a0Am\u00e9m.<\/p>\n<p><strong>\u00a0<\/strong><\/p>\n<p><strong>&gt;&gt; Retirado de\u00a0<a href=\"http:\/\/www.ultimato.com.br\/loja\/produtos\/um-ano-com-jesus\">Um Ano com Jesus<\/a>\u00a0[Eugene H. Peterson]. Editora Ultimato.<\/strong><\/p>\n<p>Ou\u00e7a as nossas devocionais pelo <a href=\"https:\/\/open.spotify.com\/show\/7CG8DL9dgWZEgPzX3rnk51?si=1dbGejI2TQS16eamNjb2rA\">Spotify<\/a>!<\/p>\n","protected":false},"excerpt":{"rendered":"<p>Um dia, alguns estavam trazendo crian\u00e7as a Jesus, na esperan\u00e7a de que ele as aben\u00e7oasse e orasse por elas. Mas os disc\u00edpulos deram uma bronca nessa gente. Jesus, ent\u00e3o, interferiu: \u201cN\u00e3o tentem afastar essas crian\u00e7as! N\u00e3o as impe\u00e7am de vir a mim! O Reino de Deus \u00e9 feito de pessoas que s\u00e3o como crian\u00e7as\u201d. Depois [&hellip;]<\/p>\n","protected":false},"author":21,"featured_media":162,"comment_status":"open","ping_status":"open","sticky":false,"template":"","format":"standard","meta":{"ngg_post_thumbnail":0,"footnotes":""},"categories":[17809],"tags":[],"class_list":["post-9414","post","type-post","status-publish","format-standard","has-post-thumbnail","hentry","category-eugene-h-peterson"],"publishpress_future_action":{"enabled":false,"date":"2026-05-04 23:36:56","action":"change-status","newStatus":"draft","terms":[],"taxonomy":"category","extraData":[]},"publishpress_future_workflow_manual_trigger":{"enabledWorkflows":[]},"_links":{"self":[{"href":"https:\/\/ultimato.com.br\/sites\/devocional-diaria\/wp-json\/wp\/v2\/posts\/9414","targetHints":{"allow":["GET"]}}],"collection":[{"href":"https:\/\/ultimato.com.br\/sites\/devocional-diaria\/wp-json\/wp\/v2\/posts"}],"about":[{"href":"https:\/\/ultimato.com.br\/sites\/devocional-diaria\/wp-json\/wp\/v2\/types\/post"}],"author":[{"embeddable":true,"href":"https:\/\/ultimato.com.br\/sites\/devocional-diaria\/wp-json\/wp\/v2\/users\/21"}],"replies":[{"embeddable":true,"href":"https:\/\/ultimato.com.br\/sites\/devocional-diaria\/wp-json\/wp\/v2\/comments?post=9414"}],"version-history":[{"count":1,"href":"https:\/\/ultimato.com.br\/sites\/devocional-diaria\/wp-json\/wp\/v2\/posts\/9414\/revisions"}],"predecessor-version":[{"id":9415,"href":"https:\/\/ultimato.com.br\/sites\/devocional-diaria\/wp-json\/wp\/v2\/posts\/9414\/revisions\/9415"}],"wp:featuredmedia":[{"embeddable":true,"href":"https:\/\/ultimato.com.br\/sites\/devocional-diaria\/wp-json\/wp\/v2\/media\/162"}],"wp:attachment":[{"href":"https:\/\/ultimato.com.br\/sites\/devocional-diaria\/wp-json\/wp\/v2\/media?parent=9414"}],"wp:term":[{"taxonomy":"category","embeddable":true,"href":"https:\/\/ultimato.com.br\/sites\/devocional-diaria\/wp-json\/wp\/v2\/categories?post=9414"},{"taxonomy":"post_tag","embeddable":true,"href":"https:\/\/ultimato.com.br\/sites\/devocional-diaria\/wp-json\/wp\/v2\/tags?post=9414"}],"curies":[{"name":"wp","href":"https:\/\/api.w.org\/{rel}","templated":true}]}}