{"id":9412,"date":"2022-02-09T00:00:36","date_gmt":"2022-02-09T02:00:36","guid":{"rendered":"https:\/\/ultimato.com.br\/sites\/devocional-diaria\/?p=9412"},"modified":"2022-02-04T11:10:52","modified_gmt":"2022-02-04T13:10:52","slug":"conversao-sem-salvacao","status":"publish","type":"post","link":"https:\/\/ultimato.com.br\/sites\/devocional-diaria\/2022\/02\/09\/autor\/elben-cesar\/conversao-sem-salvacao\/","title":{"rendered":"Convers\u00e3o sem salva\u00e7\u00e3o"},"content":{"rendered":"<p>A vida, agrad\u00e1vel enquanto durar, logo acabar\u00e1. A vida fr\u00e1gil como porcelana,\u00a0preciosa e bela, terminar\u00e1. (Ec 12.6)\u00a0Na par\u00e1bola ou na hist\u00f3ria do rico e L\u00e1zaro, que Jesus contou e que s\u00f3\u00a0aparece em Lucas, o principal personagem passa por uma profunda transforma\u00e7\u00e3o\u00a0depois da morte (Lc 16.19-31).<\/p>\n<p>O colun\u00e1vel que dava festas sobre festas e que nunca prestou aten\u00e7\u00e3o ao\u00a0homem coberto de chagas que todos os dias vinha forrar o est\u00f4mago com\u00a0as migalhas que ca\u00edam de sua mesa farta, agora, depois de morto, quer lamber\u00a0o dedo de L\u00e1zaro, na tentativa de saciar a sede com uma ou duas gotas\u00a0d\u2019\u00e1gua. O homem que sempre pensou em si mesmo, agora, depois de morto,\u00a0esquece-se por completo de si, quer que seus cinco irm\u00e3os se arrependam\u00a0de seus pecados para se livrarem do inferno.<\/p>\n<p>A narrativa de Jesus nos d\u00e1 forte impress\u00e3o de que estamos diante de\u00a0um outro homem, totalmente diverso do homem anterior. \u00c9 um homem\u00a0convertido, que pensa de modo diferente.<\/p>\n<p>Contudo, o grande problema \u00e9 que a convers\u00e3o se deu tarde demais,\u00a0depois da morte, fora do prazo m\u00e1ximo dado pela miseric\u00f3rdia divina, j\u00e1\u00a0no inferno, quando a sorte j\u00e1 est\u00e1 selada e o abismo entre o c\u00e9u e o inferno\u00a0j\u00e1 est\u00e1 definitivamente posto e assentado.<\/p>\n<p>Qualquer convers\u00e3o verdadeira produz salva\u00e7\u00e3o, mas h\u00e1 prazos delineados\u00a0pelo pr\u00f3prio Deus que devem ser respeitados. O chamado \u201cdia da salva\u00e7\u00e3o\u201d\u00a0(2Co 6.2) n\u00e3o \u00e9 eterno. Depois dele vem o \u201cdia da ira e da revela\u00e7\u00e3o do justo\u00a0ju\u00edzo de Deus\u201d (Rm 2.5). A convers\u00e3o <em>com <\/em>salva\u00e7\u00e3o s\u00f3 se d\u00e1 at\u00e9 a meia-noite\u00a0do \u201cdia da salva\u00e7\u00e3o\u201d (\u00cax 12.29; Mt 25.6). Depois da meia-noite n\u00e3o tem\u00a0jeito: qualquer convers\u00e3o ser\u00e1 <em>sem <\/em>salva\u00e7\u00e3o.<\/p>\n<p><strong>\u00a0<\/strong><\/p>\n<p><strong>&gt;&gt; Retirado de\u00a0<a href=\"https:\/\/www.ultimato.com.br\/loja\/produtos\/cuide-das-raizes-espere-pelos-frutos\">Cuide das Ra\u00edzes, Espere pelos Frutos<\/a>, [Elben C\u00e9sar]. Editora Ultimato.<\/strong><\/p>\n<p>Ou\u00e7a as nossas devocionais pelo <a href=\"https:\/\/open.spotify.com\/show\/7CG8DL9dgWZEgPzX3rnk51?si=1dbGejI2TQS16eamNjb2rA\">Spotify<\/a>!<\/p>\n","protected":false},"excerpt":{"rendered":"<p>A vida, agrad\u00e1vel enquanto durar, logo acabar\u00e1. A vida fr\u00e1gil como porcelana,\u00a0preciosa e bela, terminar\u00e1. (Ec 12.6)\u00a0Na par\u00e1bola ou na hist\u00f3ria do rico e L\u00e1zaro, que Jesus contou e que s\u00f3\u00a0aparece em Lucas, o principal personagem passa por uma profunda transforma\u00e7\u00e3o\u00a0depois da morte (Lc 16.19-31). O colun\u00e1vel que dava festas sobre festas e que nunca [&hellip;]<\/p>\n","protected":false},"author":21,"featured_media":163,"comment_status":"open","ping_status":"open","sticky":false,"template":"","format":"standard","meta":{"ngg_post_thumbnail":0,"footnotes":""},"categories":[5478],"tags":[],"class_list":["post-9412","post","type-post","status-publish","format-standard","has-post-thumbnail","hentry","category-elben-cesar"],"publishpress_future_action":{"enabled":false,"date":"2026-05-05 01:12:44","action":"change-status","newStatus":"draft","terms":[],"taxonomy":"category","extraData":[]},"publishpress_future_workflow_manual_trigger":{"enabledWorkflows":[]},"_links":{"self":[{"href":"https:\/\/ultimato.com.br\/sites\/devocional-diaria\/wp-json\/wp\/v2\/posts\/9412","targetHints":{"allow":["GET"]}}],"collection":[{"href":"https:\/\/ultimato.com.br\/sites\/devocional-diaria\/wp-json\/wp\/v2\/posts"}],"about":[{"href":"https:\/\/ultimato.com.br\/sites\/devocional-diaria\/wp-json\/wp\/v2\/types\/post"}],"author":[{"embeddable":true,"href":"https:\/\/ultimato.com.br\/sites\/devocional-diaria\/wp-json\/wp\/v2\/users\/21"}],"replies":[{"embeddable":true,"href":"https:\/\/ultimato.com.br\/sites\/devocional-diaria\/wp-json\/wp\/v2\/comments?post=9412"}],"version-history":[{"count":1,"href":"https:\/\/ultimato.com.br\/sites\/devocional-diaria\/wp-json\/wp\/v2\/posts\/9412\/revisions"}],"predecessor-version":[{"id":9413,"href":"https:\/\/ultimato.com.br\/sites\/devocional-diaria\/wp-json\/wp\/v2\/posts\/9412\/revisions\/9413"}],"wp:featuredmedia":[{"embeddable":true,"href":"https:\/\/ultimato.com.br\/sites\/devocional-diaria\/wp-json\/wp\/v2\/media\/163"}],"wp:attachment":[{"href":"https:\/\/ultimato.com.br\/sites\/devocional-diaria\/wp-json\/wp\/v2\/media?parent=9412"}],"wp:term":[{"taxonomy":"category","embeddable":true,"href":"https:\/\/ultimato.com.br\/sites\/devocional-diaria\/wp-json\/wp\/v2\/categories?post=9412"},{"taxonomy":"post_tag","embeddable":true,"href":"https:\/\/ultimato.com.br\/sites\/devocional-diaria\/wp-json\/wp\/v2\/tags?post=9412"}],"curies":[{"name":"wp","href":"https:\/\/api.w.org\/{rel}","templated":true}]}}