{"id":9410,"date":"2022-02-06T00:00:32","date_gmt":"2022-02-06T02:00:32","guid":{"rendered":"https:\/\/ultimato.com.br\/sites\/devocional-diaria\/?p=9410"},"modified":"2022-02-04T10:46:38","modified_gmt":"2022-02-04T12:46:38","slug":"perfeccionismo-ou-nada","status":"publish","type":"post","link":"https:\/\/ultimato.com.br\/sites\/devocional-diaria\/2022\/02\/06\/autor\/stanley-jones\/perfeccionismo-ou-nada\/","title":{"rendered":"Perfeccionismo ou nada"},"content":{"rendered":"<p>Salmos 73.21-25<\/p>\n<p>H\u00e1 um novo pecado no cat\u00e1logo de pecados: o perfeccionismo.\u00a0Tenho um pouco de medo de novos pecados. Tudo que \u00e9 novo pode ser apenas\u00a0uma nova racionaliza\u00e7\u00e3o. A recente condena\u00e7\u00e3o do \u201cperfeccionismo\u201d \u00e9 uma capa\u00a0para cobrir concess\u00f5es. Qualquer pessoa que queira algo radicalmente diferente\u00a0daquilo que \u00e9, \u00e9 considerada \u201cperfeccionista\u201d. Dizem que devemos nos dedicar \u00e0\u00a0\u201cdisciplina do ating\u00edvel\u201d, o que significa que devemos nos reduzir a uma mediocridade\u00a0ins\u00edpida.<\/p>\n<p>Ao adotar esse comportamento, o crist\u00e3o est\u00e1 aceitando uma atitude mundana\u00a0e derrotista. Pois, para o crist\u00e3o, o ating\u00edvel \u00e9 o que se pode obter \u2013 e recursos\u00a0infinitos est\u00e3o \u00e0 nossa disposi\u00e7\u00e3o. Nosso esp\u00edrito deve ser este: \u201cOs milagres\u00a0podemos fazer neste momento. O imposs\u00edvel demora um pouco mais\u201d. Jesus disse:\u00a0\u201cPortanto, sejam perfeitos como perfeito \u00e9 o Pai celestial de voc\u00eas\u201d (Mt 5.48).\u00a0Nossa possibilidade de perfei\u00e7\u00e3o est\u00e1 baseada na perfei\u00e7\u00e3o real de Deus. N\u00f3s nos\u00a0submetemos aos processos que levam \u00e0 perfei\u00e7\u00e3o. Assim, n\u00f3s nos entregamos \u00e0\u00a0\u201cdisciplina do alcan\u00e7\u00e1vel\u201d. \u201cPois nada \u00e9 imposs\u00edvel para Deus\u201d, veio a garantia\u00a0a Maria. \u201cSou serva do Senhor; que aconte\u00e7a comigo conforme a tua palavra\u201d,\u00a0respondeu ela (Lc 1.37-38). E ela deu ao mundo o Redentor. N\u00e3o tenho medo da\u00a0perfei\u00e7\u00e3o. Tenho medo de me acomodar com a imperfei\u00e7\u00e3o.<\/p>\n<p>Mas, tendo dito isso, devo reconhecer que h\u00e1 certa verdade na acusa\u00e7\u00e3o que\u00a0se faz ao perfeccionismo. E a verdade \u00e9 esta: muitas pessoas, porque n\u00e3o podem\u00a0fazer tudo, nada fazem; porque n\u00e3o podem ser perfeitas, s\u00e3o negligentes. Isso \u00e9 um\u00a0perigo real. E muitos tomam esse caminho, por vezes inconscientemente. E com\u00a0frequ\u00eancia \u00e9 um pecado de pessoas muito boas. Elas s\u00e3o t\u00e3o escrupulosas que, a\u00a0menos que possam ser perfeitas em tudo que fazem, nada fazem. A consci\u00eancia\u00a0delas, em sintonia com o mais alto padr\u00e3o, n\u00e3o aprovar\u00e1 nada menos que o mais\u00a0alto padr\u00e3o. Da\u00ed elas se entregam a uma inatividade conturbada. Cometi esse erro\u00a0em rela\u00e7\u00e3o \u00e0 linguagem. Estabeleci padr\u00f5es t\u00e3o altos para mim na l\u00edngua inglesa\u00a0que, quando n\u00e3o conseguia o mesmo em outro idioma, recorria a int\u00e9rpretes,\u00a0muletas aceitas que me deixavam coxo.<\/p>\n<p><em>\u00d3 Deus, tu que nos amas apesar de nossas imperfei\u00e7\u00f5es e nossos pecados, ajuda-me a amar\u00a0a mim mesmo apesar de minhas imperfei\u00e7\u00f5es e meus pecados. E, uma vez que acreditas\u00a0em mim, apesar de tudo, ajuda-me a acreditar em mim e nos outros \u2013 apesar de tudo.\u00a0Pois estou sob tua reden\u00e7\u00e3o. Am\u00e9m.\u00a0<\/em><\/p>\n<p>Afirma\u00e7\u00e3o do dia: \u201cOs desorientados de esp\u00edrito obter\u00e3o entendimento; e os\u00a0queixosos v\u00e3o aceitar instru\u00e7\u00e3o\u201d (Is 29.24).<strong>\u00a0<\/strong><\/p>\n<p><strong>\u00a0<\/strong><\/p>\n<p><strong>&gt;&gt; Retirado de\u00a0<a href=\"https:\/\/www.ultimato.com.br\/loja\/produtos\/o-caminho\">O Caminho<\/a> [Stanley Jones]. Editora Ultimato.<\/strong><\/p>\n","protected":false},"excerpt":{"rendered":"<p>Salmos 73.21-25 H\u00e1 um novo pecado no cat\u00e1logo de pecados: o perfeccionismo.\u00a0Tenho um pouco de medo de novos pecados. Tudo que \u00e9 novo pode ser apenas\u00a0uma nova racionaliza\u00e7\u00e3o. A recente condena\u00e7\u00e3o do \u201cperfeccionismo\u201d \u00e9 uma capa\u00a0para cobrir concess\u00f5es. Qualquer pessoa que queira algo radicalmente diferente\u00a0daquilo que \u00e9, \u00e9 considerada \u201cperfeccionista\u201d. Dizem que devemos nos dedicar [&hellip;]<\/p>\n","protected":false},"author":21,"featured_media":166,"comment_status":"open","ping_status":"open","sticky":false,"template":"","format":"standard","meta":{"ngg_post_thumbnail":0,"footnotes":""},"categories":[40852],"tags":[],"class_list":["post-9410","post","type-post","status-publish","format-standard","has-post-thumbnail","hentry","category-stanley-jones"],"publishpress_future_action":{"enabled":false,"date":"2026-05-05 01:12:45","action":"change-status","newStatus":"draft","terms":[],"taxonomy":"category","extraData":[]},"publishpress_future_workflow_manual_trigger":{"enabledWorkflows":[]},"_links":{"self":[{"href":"https:\/\/ultimato.com.br\/sites\/devocional-diaria\/wp-json\/wp\/v2\/posts\/9410","targetHints":{"allow":["GET"]}}],"collection":[{"href":"https:\/\/ultimato.com.br\/sites\/devocional-diaria\/wp-json\/wp\/v2\/posts"}],"about":[{"href":"https:\/\/ultimato.com.br\/sites\/devocional-diaria\/wp-json\/wp\/v2\/types\/post"}],"author":[{"embeddable":true,"href":"https:\/\/ultimato.com.br\/sites\/devocional-diaria\/wp-json\/wp\/v2\/users\/21"}],"replies":[{"embeddable":true,"href":"https:\/\/ultimato.com.br\/sites\/devocional-diaria\/wp-json\/wp\/v2\/comments?post=9410"}],"version-history":[{"count":1,"href":"https:\/\/ultimato.com.br\/sites\/devocional-diaria\/wp-json\/wp\/v2\/posts\/9410\/revisions"}],"predecessor-version":[{"id":9411,"href":"https:\/\/ultimato.com.br\/sites\/devocional-diaria\/wp-json\/wp\/v2\/posts\/9410\/revisions\/9411"}],"wp:featuredmedia":[{"embeddable":true,"href":"https:\/\/ultimato.com.br\/sites\/devocional-diaria\/wp-json\/wp\/v2\/media\/166"}],"wp:attachment":[{"href":"https:\/\/ultimato.com.br\/sites\/devocional-diaria\/wp-json\/wp\/v2\/media?parent=9410"}],"wp:term":[{"taxonomy":"category","embeddable":true,"href":"https:\/\/ultimato.com.br\/sites\/devocional-diaria\/wp-json\/wp\/v2\/categories?post=9410"},{"taxonomy":"post_tag","embeddable":true,"href":"https:\/\/ultimato.com.br\/sites\/devocional-diaria\/wp-json\/wp\/v2\/tags?post=9410"}],"curies":[{"name":"wp","href":"https:\/\/api.w.org\/{rel}","templated":true}]}}