{"id":9408,"date":"2022-02-05T12:00:18","date_gmt":"2022-02-05T14:00:18","guid":{"rendered":"https:\/\/ultimato.com.br\/sites\/devocional-diaria\/?p=9408"},"modified":"2022-02-04T10:29:44","modified_gmt":"2022-02-04T12:29:44","slug":"a-imagem-de-deus-3","status":"publish","type":"post","link":"https:\/\/ultimato.com.br\/sites\/devocional-diaria\/2022\/02\/05\/autor\/john-stott\/a-imagem-de-deus-3\/","title":{"rendered":"A Imagem de Deus"},"content":{"rendered":"<p>Criou Deus o homem \u00e0 sua imagem, \u00e0 imagem de Deus o criou. (G\u00eanesis 1.27)<\/p>\n<p>O cl\u00edmax da atividade criativa de Deus foi o aparecimento dos seres humanos, e a forma como o G\u00eanesis expressa esse cl\u00edmax \u00e9 descrevendo-os como tendo sido criados \u201c\u00e0 imagem de Deus\u201d. Por\u00e9m, os estudiosos n\u00e3o est\u00e3o de acordo em rela\u00e7\u00e3o ao significado da imagem divina nos seres humanos.<\/p>\n<p>Alguns consideram que ela significa que os seres humanos s\u00e3o repre\u00adsentantes de Deus, exercendo dom\u00ednio sobre o restante da cria\u00e7\u00e3o em seu lugar. Outros concluem que a imagem de Deus se refere ao relacionamento especial estabelecido entre Deus e os homens. Contudo, se observarmos essa express\u00e3o tanto no contexto imediato de G\u00eanesis quanto na perspectiva do resto das Escrituras, parece ficar claro que ela se refere a todas as qualidades ou capacidades humanas que nos diferenciam dos animais e nos assemelham a Deus. Quais s\u00e3o essas qualidades?<\/p>\n<p>A primeira delas \u00e9 que, como seres humanos, somos racionais e autocons\u00adcientes. A segunda \u00e9 que somos seres morais; temos uma consci\u00eancia que nos conclama a fazer o que achamos que \u00e9 certo. A terceira \u00e9 que somos criativos como o nosso Criador, capazes de apreciar aquilo que \u00e9 belo aos ouvidos e aos olhos. A quarta \u00e9 que somos seres sociais, capazes de estabelecer com outras pessoas relacionamentos verdadeiros de amor. Pois Deus \u00e9 amor e, ao nos fazer \u00e0 sua imagem, ele nos deu a capacidade de am\u00e1-lo e de amar aos outros. Por \u00faltimo, temos uma capacidade espiritual que nos faz sentir fome de Deus. Assim, somos singularmente capazes de pensar, escolher, criar, amar e adorar.<\/p>\n<p>Infelizmente, precisamos acrescentar que a imagem de Deus em n\u00f3s foi desfigurada, de forma que nossa humanidade foi contaminada pelo egocen\u00adtrismo. A imagem de Deus, no entanto, n\u00e3o foi destru\u00edda. Pelo contr\u00e1rio, tanto o Antigo quanto o Novo Testamento afirmam que os seres humanos ainda carregam em si a imagem de Deus e que esta \u00e9 a raz\u00e3o pela qual devemos respeit\u00e1-los. O car\u00e1ter sagrado da vida humana se origina do valor daqueles que carregam a imagem de Deus (9.6). Os seres humanos s\u00e3o seres parecidos com Deus. Eles merecem ser amados e servidos.<\/p>\n<p>Para saber mais: Tiago 3.7-12<strong>\u00a0<\/strong><\/p>\n<p><strong>\u00a0<\/strong><\/p>\n<p><strong>&gt;&gt; Retirado de\u00a0<a href=\"https:\/\/www.ultimato.com.br\/loja\/produtos\/a-biblia-toda-o-ano-todo-1\">A B\u00edblia Toda, o Ano Todo<\/a>\u00a0[John Stott]. Editora Ultimato.<\/strong><\/p>\n","protected":false},"excerpt":{"rendered":"<p>Criou Deus o homem \u00e0 sua imagem, \u00e0 imagem de Deus o criou. (G\u00eanesis 1.27) O cl\u00edmax da atividade criativa de Deus foi o aparecimento dos seres humanos, e a forma como o G\u00eanesis expressa esse cl\u00edmax \u00e9 descrevendo-os como tendo sido criados \u201c\u00e0 imagem de Deus\u201d. Por\u00e9m, os estudiosos n\u00e3o est\u00e3o de acordo em [&hellip;]<\/p>\n","protected":false},"author":21,"featured_media":157,"comment_status":"open","ping_status":"open","sticky":false,"template":"","format":"standard","meta":{"ngg_post_thumbnail":0,"footnotes":""},"categories":[5668],"tags":[],"class_list":["post-9408","post","type-post","status-publish","format-standard","has-post-thumbnail","hentry","category-john-stott"],"publishpress_future_action":{"enabled":false,"date":"2026-05-05 02:42:55","action":"change-status","newStatus":"draft","terms":[],"taxonomy":"category","extraData":[]},"publishpress_future_workflow_manual_trigger":{"enabledWorkflows":[]},"_links":{"self":[{"href":"https:\/\/ultimato.com.br\/sites\/devocional-diaria\/wp-json\/wp\/v2\/posts\/9408","targetHints":{"allow":["GET"]}}],"collection":[{"href":"https:\/\/ultimato.com.br\/sites\/devocional-diaria\/wp-json\/wp\/v2\/posts"}],"about":[{"href":"https:\/\/ultimato.com.br\/sites\/devocional-diaria\/wp-json\/wp\/v2\/types\/post"}],"author":[{"embeddable":true,"href":"https:\/\/ultimato.com.br\/sites\/devocional-diaria\/wp-json\/wp\/v2\/users\/21"}],"replies":[{"embeddable":true,"href":"https:\/\/ultimato.com.br\/sites\/devocional-diaria\/wp-json\/wp\/v2\/comments?post=9408"}],"version-history":[{"count":1,"href":"https:\/\/ultimato.com.br\/sites\/devocional-diaria\/wp-json\/wp\/v2\/posts\/9408\/revisions"}],"predecessor-version":[{"id":9409,"href":"https:\/\/ultimato.com.br\/sites\/devocional-diaria\/wp-json\/wp\/v2\/posts\/9408\/revisions\/9409"}],"wp:featuredmedia":[{"embeddable":true,"href":"https:\/\/ultimato.com.br\/sites\/devocional-diaria\/wp-json\/wp\/v2\/media\/157"}],"wp:attachment":[{"href":"https:\/\/ultimato.com.br\/sites\/devocional-diaria\/wp-json\/wp\/v2\/media?parent=9408"}],"wp:term":[{"taxonomy":"category","embeddable":true,"href":"https:\/\/ultimato.com.br\/sites\/devocional-diaria\/wp-json\/wp\/v2\/categories?post=9408"},{"taxonomy":"post_tag","embeddable":true,"href":"https:\/\/ultimato.com.br\/sites\/devocional-diaria\/wp-json\/wp\/v2\/tags?post=9408"}],"curies":[{"name":"wp","href":"https:\/\/api.w.org\/{rel}","templated":true}]}}