{"id":9398,"date":"2022-02-02T00:00:03","date_gmt":"2022-02-02T02:00:03","guid":{"rendered":"https:\/\/ultimato.com.br\/sites\/devocional-diaria\/?p=9398"},"modified":"2022-02-01T12:41:05","modified_gmt":"2022-02-01T14:41:05","slug":"amor-sem-motivo","status":"publish","type":"post","link":"https:\/\/ultimato.com.br\/sites\/devocional-diaria\/2022\/02\/02\/autor\/j-i-packer\/amor-sem-motivo\/","title":{"rendered":"Amor sem motivo\u00a0"},"content":{"rendered":"<p>Nisto consiste o amor: n\u00e3o em que n\u00f3s tenhamos amado a Deus, mas em que ele nos amou e enviou seu Filho como propicia\u00e7\u00e3o pelos nossos pecados. (1 Jo\u00e3o 4.10)<\/p>\n<p>O amor de Deus \u00e9 um exerc\u00edcio de sua bondade para com os pecadores. Como tal, o amor tem a natureza da gra\u00e7a e da miseric\u00f3rdia. Ele \u00e9 uma bondade, n\u00e3o apenas imerecida mas, de fato, oposta a qualquer merecimento, porque o objeto do amor de Deus s\u00e3o criaturas racionais que quebraram a lei divina, cuja natureza est\u00e1 corrompida aos olhos de Deus e que merecem apenas a condena\u00e7\u00e3o e o banimento final de sua presen\u00e7a.<\/p>\n<p>\u00c9 impressionante que Deus ame os pecadores, contudo esta \u00e9 a verdade. Deus ama as criaturas que se tornaram n\u00e3o amadas e (algu\u00e9m poderia pensar) n\u00e3o am\u00e1veis. N\u00e3o havia absolutamente nada nesse objeto do amor de Deus que o atra\u00edsse. O amor entre duas pessoas \u00e9 despertado por alguma coisa encontrada no amado, mas o amor de Deus \u00e9 volunt\u00e1\u00adrio, espont\u00e2neo, n\u00e3o provocado, n\u00e3o causado. Deus ama as pessoas porque ele escolheu am\u00e1-las \u2013 como Charles Wesley disse, \u201cele nos amou, porque queria amar\u201d \u2013 e n\u00e3o h\u00e1 nenhuma raz\u00e3o para que Deus nos ame a n\u00e3o ser por sua pr\u00f3pria sobe\u00adrana e boa vontade.<\/p>\n<p>Para escrever: Parafraseando Charles Wesley, \u201cEle me amou, porque queria amar\u201d, escreva sua resposta a Deus.<\/p>\n<p><strong>\u00a0<\/strong><\/p>\n<p><strong>&gt;&gt; Retirado de\u00a0<\/strong><strong><a href=\"https:\/\/www.ultimato.com.br\/loja\/produtos\/conhecendo-a-deus-ao-longo-do-ano\">Conhecendo a Deus ao Longo do Ano<\/a><\/strong><strong> [J. I. Packer]<\/strong><strong>. Editora Ultimato.<\/strong><\/p>\n<p>Ou\u00e7a as nossas devocionais pelo <a href=\"https:\/\/open.spotify.com\/show\/7CG8DL9dgWZEgPzX3rnk51?si=1dbGejI2TQS16eamNjb2rA\">Spotify<\/a>!<\/p>\n","protected":false},"excerpt":{"rendered":"<p>Nisto consiste o amor: n\u00e3o em que n\u00f3s tenhamos amado a Deus, mas em que ele nos amou e enviou seu Filho como propicia\u00e7\u00e3o pelos nossos pecados. (1 Jo\u00e3o 4.10) O amor de Deus \u00e9 um exerc\u00edcio de sua bondade para com os pecadores. Como tal, o amor tem a natureza da gra\u00e7a e da [&hellip;]<\/p>\n","protected":false},"author":21,"featured_media":163,"comment_status":"open","ping_status":"open","sticky":false,"template":"","format":"standard","meta":{"ngg_post_thumbnail":0,"footnotes":""},"categories":[5655],"tags":[],"class_list":["post-9398","post","type-post","status-publish","format-standard","has-post-thumbnail","hentry","category-j-i-packer"],"publishpress_future_action":{"enabled":false,"date":"2026-05-05 02:21:09","action":"change-status","newStatus":"draft","terms":[],"taxonomy":"category","extraData":[]},"publishpress_future_workflow_manual_trigger":{"enabledWorkflows":[]},"_links":{"self":[{"href":"https:\/\/ultimato.com.br\/sites\/devocional-diaria\/wp-json\/wp\/v2\/posts\/9398","targetHints":{"allow":["GET"]}}],"collection":[{"href":"https:\/\/ultimato.com.br\/sites\/devocional-diaria\/wp-json\/wp\/v2\/posts"}],"about":[{"href":"https:\/\/ultimato.com.br\/sites\/devocional-diaria\/wp-json\/wp\/v2\/types\/post"}],"author":[{"embeddable":true,"href":"https:\/\/ultimato.com.br\/sites\/devocional-diaria\/wp-json\/wp\/v2\/users\/21"}],"replies":[{"embeddable":true,"href":"https:\/\/ultimato.com.br\/sites\/devocional-diaria\/wp-json\/wp\/v2\/comments?post=9398"}],"version-history":[{"count":1,"href":"https:\/\/ultimato.com.br\/sites\/devocional-diaria\/wp-json\/wp\/v2\/posts\/9398\/revisions"}],"predecessor-version":[{"id":9399,"href":"https:\/\/ultimato.com.br\/sites\/devocional-diaria\/wp-json\/wp\/v2\/posts\/9398\/revisions\/9399"}],"wp:featuredmedia":[{"embeddable":true,"href":"https:\/\/ultimato.com.br\/sites\/devocional-diaria\/wp-json\/wp\/v2\/media\/163"}],"wp:attachment":[{"href":"https:\/\/ultimato.com.br\/sites\/devocional-diaria\/wp-json\/wp\/v2\/media?parent=9398"}],"wp:term":[{"taxonomy":"category","embeddable":true,"href":"https:\/\/ultimato.com.br\/sites\/devocional-diaria\/wp-json\/wp\/v2\/categories?post=9398"},{"taxonomy":"post_tag","embeddable":true,"href":"https:\/\/ultimato.com.br\/sites\/devocional-diaria\/wp-json\/wp\/v2\/tags?post=9398"}],"curies":[{"name":"wp","href":"https:\/\/api.w.org\/{rel}","templated":true}]}}