{"id":9389,"date":"2022-01-29T00:00:56","date_gmt":"2022-01-29T02:00:56","guid":{"rendered":"https:\/\/ultimato.com.br\/sites\/devocional-diaria\/?p=9389"},"modified":"2022-01-28T18:43:57","modified_gmt":"2022-01-28T20:43:57","slug":"o-deus-dos-oprimidos-2","status":"publish","type":"post","link":"https:\/\/ultimato.com.br\/sites\/devocional-diaria\/2022\/01\/29\/autor\/elben-cesar\/o-deus-dos-oprimidos-2\/","title":{"rendered":"O Deus dos oprimidos"},"content":{"rendered":"<p>Por causa da opress\u00e3o do necessitado e do gemido do pobre,\u00a0agora me levantarei. (Sl 12.5.)<\/p>\n<p>Sem d\u00favida, O salmista tinha na mem\u00f3ria o livramento que Deus havia\u00a0operado no Egito em favor do povo de Israel. Foi por isso que ele colocou na\u00a0boca de Deus estas palavras: \u201cPor causa da opress\u00e3o do necessitado e do gemido\u00a0do pobre, agora me levantarei\u201d (Sl 12.5).<\/p>\n<p>De fato, quando o rei do Egito submeteu os filhos de Israel \u00e0 cruel escravid\u00e3o\u00a0e ordenou a todo o seu povo que lan\u00e7asse no rio Nilo todo menino\u00a0rec\u00e9m-nascido entre os judeus, Deus ouviu o lamento deles e se levantou.\u00a0Ent\u00e3o, declarou a Mois\u00e9s: \u201cPor isso desci para livr\u00e1-los das m\u00e3os dos eg\u00edpcios\u00a0e tir\u00e1-los daqui para uma terra boa e vasta, onde manam leite e mel\u201d (\u00cax 3.8).\u00a0Esse poderoso livramento \u00e9 mencionado em alguns salmos (Sl 66.5,6;\u00a0106.7-12; 135.8,9; 136.10-25).<\/p>\n<p>O cuidado de Deus com os oprimidos n\u00e3o aparece apenas nos Salmos.\u00a0O livro de Prov\u00e9rbios traz uma advert\u00eancia muito s\u00e9ria: \u201cN\u00e3o explore os\u00a0pobres por serem pobres, nem oprima os necessitados no tribunal, pois o\u00a0Senhor ser\u00e1 o advogado deles, e despojar\u00e1 da vida os que os despojarem\u201d\u00a0(Pv 22.22,23). Mais adiante, l\u00ea-se que n\u00e3o se deve mudar de lugar os antigos\u00a0marcos de propriedade nem invadir as terras dos \u00f3rf\u00e3os, \u201cpois aquele que\u00a0defende os direitos deles \u00e9 forte. Ele lutar\u00e1 contra voc\u00ea para defend\u00ea-los\u201d\u00a0(Pv 23.10,11).<\/p>\n<p>O Novo Testamento tamb\u00e9m menciona que Deus coloca-se ao lado dos\u00a0oprimidos, especialmente na Ep\u00edstola de Tiago. Ali se l\u00ea que os ricos opressores\u00a0devem chorar, tendo em vista a desgra\u00e7a que lhes sobrevir\u00e1 porque eles retiveram\u00a0com fraude os sal\u00e1rios dos seus trabalhadores e porque \u201co lamento dos\u00a0ceifeiros chegou aos ouvidos do Senhor dos Ex\u00e9rcitos\u201d (Tg 5.4).<strong>\u00a0<\/strong><\/p>\n<p><strong>&gt;&gt; Retirado de\u00a0<a href=\"http:\/\/www.ultimato.com.br\/loja\/produtos\/refeicoes-diarias-com-o-sabor-dos-salmos\">Refei\u00e7\u00f5es Di\u00e1rias com o Sabor dos Salmos<\/a> [Elben C\u00e9sar]. Editora Ultimato.<\/strong><strong>\u00a0<\/strong><\/p>\n","protected":false},"excerpt":{"rendered":"<p>Por causa da opress\u00e3o do necessitado e do gemido do pobre,\u00a0agora me levantarei. (Sl 12.5.) Sem d\u00favida, O salmista tinha na mem\u00f3ria o livramento que Deus havia\u00a0operado no Egito em favor do povo de Israel. Foi por isso que ele colocou na\u00a0boca de Deus estas palavras: \u201cPor causa da opress\u00e3o do necessitado e do gemido\u00a0do [&hellip;]<\/p>\n","protected":false},"author":21,"featured_media":157,"comment_status":"open","ping_status":"open","sticky":false,"template":"","format":"standard","meta":{"ngg_post_thumbnail":0,"footnotes":""},"categories":[5478],"tags":[],"class_list":["post-9389","post","type-post","status-publish","format-standard","has-post-thumbnail","hentry","category-elben-cesar"],"publishpress_future_action":{"enabled":false,"date":"2026-05-05 03:53:21","action":"change-status","newStatus":"draft","terms":[],"taxonomy":"category","extraData":[]},"publishpress_future_workflow_manual_trigger":{"enabledWorkflows":[]},"_links":{"self":[{"href":"https:\/\/ultimato.com.br\/sites\/devocional-diaria\/wp-json\/wp\/v2\/posts\/9389","targetHints":{"allow":["GET"]}}],"collection":[{"href":"https:\/\/ultimato.com.br\/sites\/devocional-diaria\/wp-json\/wp\/v2\/posts"}],"about":[{"href":"https:\/\/ultimato.com.br\/sites\/devocional-diaria\/wp-json\/wp\/v2\/types\/post"}],"author":[{"embeddable":true,"href":"https:\/\/ultimato.com.br\/sites\/devocional-diaria\/wp-json\/wp\/v2\/users\/21"}],"replies":[{"embeddable":true,"href":"https:\/\/ultimato.com.br\/sites\/devocional-diaria\/wp-json\/wp\/v2\/comments?post=9389"}],"version-history":[{"count":1,"href":"https:\/\/ultimato.com.br\/sites\/devocional-diaria\/wp-json\/wp\/v2\/posts\/9389\/revisions"}],"predecessor-version":[{"id":9390,"href":"https:\/\/ultimato.com.br\/sites\/devocional-diaria\/wp-json\/wp\/v2\/posts\/9389\/revisions\/9390"}],"wp:featuredmedia":[{"embeddable":true,"href":"https:\/\/ultimato.com.br\/sites\/devocional-diaria\/wp-json\/wp\/v2\/media\/157"}],"wp:attachment":[{"href":"https:\/\/ultimato.com.br\/sites\/devocional-diaria\/wp-json\/wp\/v2\/media?parent=9389"}],"wp:term":[{"taxonomy":"category","embeddable":true,"href":"https:\/\/ultimato.com.br\/sites\/devocional-diaria\/wp-json\/wp\/v2\/categories?post=9389"},{"taxonomy":"post_tag","embeddable":true,"href":"https:\/\/ultimato.com.br\/sites\/devocional-diaria\/wp-json\/wp\/v2\/tags?post=9389"}],"curies":[{"name":"wp","href":"https:\/\/api.w.org\/{rel}","templated":true}]}}