{"id":9385,"date":"2022-01-31T00:00:34","date_gmt":"2022-01-31T02:00:34","guid":{"rendered":"https:\/\/ultimato.com.br\/sites\/devocional-diaria\/?p=9385"},"modified":"2022-01-21T10:54:36","modified_gmt":"2022-01-21T12:54:36","slug":"contenda-na-multidao-4","status":"publish","type":"post","link":"https:\/\/ultimato.com.br\/sites\/devocional-diaria\/2022\/01\/31\/autor\/eugene-h-peterson\/contenda-na-multidao-4\/","title":{"rendered":"Contenda na multid\u00e3o"},"content":{"rendered":"<p>No \u00faltimo dia da festa, o mais importante, Jesus se p\u00f4s de p\u00e9 e discursou: \u201cSe algu\u00e9m tem sede, venha a mim e beba. Rios de \u00e1gua viva ir\u00e3o jorrar e brotar do \u00edntimo de quem crer em mim, como dizem as Escrituras\u201d [&#8230;] Os que ouviram essas palavras comentavam: \u201cEste deve ser o Profeta\u201d. Outros diziam: \u201cEle \u00e9 o Messias!\u201d. Outros ainda argumentavam: \u201cO Messias n\u00e3o vem da Galileia, n\u00e3o \u00e9 mesmo? As Escrituras n\u00e3o dizem que ele vem da linhagem de Davi, e de Bel\u00e9m, a Cidade de Davi?\u201d. Ent\u00e3o, houve contenda na multid\u00e3o por causa dele. Os mais exaltados queriam prend\u00ea-lo, mas ningu\u00e9m encostou a m\u00e3o nele. (Jo\u00e3o 7.37-44)<\/p>\n<p>Em meio \u00e0 diverg\u00eancia, eles concordavam em uma coisa:\u00a0Jesus era muito importante. Ele era o melhor que aquelas\u00a0pessoas haviam encontrado, consumando todos os m\u00e9todos\u00a0de Deus para com elas, ou era o impostor mais perigoso,\u00a0que, se aceito, desviaria as pessoas de Deus. Ningu\u00e9m o\u00a0rejeitou como se ele fosse insignificante.\u00a0Voc\u00ea leva Jesus a s\u00e9rio?<\/p>\n<p>Pai, mant\u00e9m minha aten\u00e7\u00e3o no centro \u2013 nas quest\u00f5es\u00a0eternas da cria\u00e7\u00e3o e da salva\u00e7\u00e3o, nas grandes realidades\u00a0da gra\u00e7a e da verdade, nas preocupa\u00e7\u00f5es com o perd\u00e3o e\u00a0a reconcilia\u00e7\u00e3o, nas decis\u00f5es de f\u00e9 \u2013, em Cristo, no nome\u00a0de quem eu oro. Am\u00e9m.<strong>\u00a0<\/strong><\/p>\n<p><strong>\u00a0<\/strong><\/p>\n<p><strong>&gt;&gt; Retirado de\u00a0<a href=\"http:\/\/www.ultimato.com.br\/loja\/produtos\/um-ano-com-jesus\">Um Ano com Jesus<\/a>\u00a0[Eugene H. Peterson]. Editora Ultimato.<\/strong><\/p>\n<p>Ou\u00e7a as nossas devocionais pelo <a href=\"https:\/\/open.spotify.com\/show\/7CG8DL9dgWZEgPzX3rnk51?si=1dbGejI2TQS16eamNjb2rA\">Spotify<\/a>!<\/p>\n","protected":false},"excerpt":{"rendered":"<p>No \u00faltimo dia da festa, o mais importante, Jesus se p\u00f4s de p\u00e9 e discursou: \u201cSe algu\u00e9m tem sede, venha a mim e beba. Rios de \u00e1gua viva ir\u00e3o jorrar e brotar do \u00edntimo de quem crer em mim, como dizem as Escrituras\u201d [&#8230;] Os que ouviram essas palavras comentavam: \u201cEste deve ser o Profeta\u201d. [&hellip;]<\/p>\n","protected":false},"author":21,"featured_media":165,"comment_status":"open","ping_status":"open","sticky":false,"template":"","format":"standard","meta":{"ngg_post_thumbnail":0,"footnotes":""},"categories":[17809],"tags":[],"class_list":["post-9385","post","type-post","status-publish","format-standard","has-post-thumbnail","hentry","category-eugene-h-peterson"],"publishpress_future_action":{"enabled":false,"date":"2026-05-05 01:11:43","action":"change-status","newStatus":"draft","terms":[],"taxonomy":"category","extraData":[]},"publishpress_future_workflow_manual_trigger":{"enabledWorkflows":[]},"_links":{"self":[{"href":"https:\/\/ultimato.com.br\/sites\/devocional-diaria\/wp-json\/wp\/v2\/posts\/9385","targetHints":{"allow":["GET"]}}],"collection":[{"href":"https:\/\/ultimato.com.br\/sites\/devocional-diaria\/wp-json\/wp\/v2\/posts"}],"about":[{"href":"https:\/\/ultimato.com.br\/sites\/devocional-diaria\/wp-json\/wp\/v2\/types\/post"}],"author":[{"embeddable":true,"href":"https:\/\/ultimato.com.br\/sites\/devocional-diaria\/wp-json\/wp\/v2\/users\/21"}],"replies":[{"embeddable":true,"href":"https:\/\/ultimato.com.br\/sites\/devocional-diaria\/wp-json\/wp\/v2\/comments?post=9385"}],"version-history":[{"count":1,"href":"https:\/\/ultimato.com.br\/sites\/devocional-diaria\/wp-json\/wp\/v2\/posts\/9385\/revisions"}],"predecessor-version":[{"id":9386,"href":"https:\/\/ultimato.com.br\/sites\/devocional-diaria\/wp-json\/wp\/v2\/posts\/9385\/revisions\/9386"}],"wp:featuredmedia":[{"embeddable":true,"href":"https:\/\/ultimato.com.br\/sites\/devocional-diaria\/wp-json\/wp\/v2\/media\/165"}],"wp:attachment":[{"href":"https:\/\/ultimato.com.br\/sites\/devocional-diaria\/wp-json\/wp\/v2\/media?parent=9385"}],"wp:term":[{"taxonomy":"category","embeddable":true,"href":"https:\/\/ultimato.com.br\/sites\/devocional-diaria\/wp-json\/wp\/v2\/categories?post=9385"},{"taxonomy":"post_tag","embeddable":true,"href":"https:\/\/ultimato.com.br\/sites\/devocional-diaria\/wp-json\/wp\/v2\/tags?post=9385"}],"curies":[{"name":"wp","href":"https:\/\/api.w.org\/{rel}","templated":true}]}}