{"id":9383,"date":"2022-01-28T00:00:58","date_gmt":"2022-01-28T02:00:58","guid":{"rendered":"https:\/\/ultimato.com.br\/sites\/devocional-diaria\/?p=9383"},"modified":"2022-01-21T10:50:10","modified_gmt":"2022-01-21T12:50:10","slug":"o-que-e-um-cristao","status":"publish","type":"post","link":"https:\/\/ultimato.com.br\/sites\/devocional-diaria\/2022\/01\/28\/autor\/j-i-packer\/o-que-e-um-cristao\/","title":{"rendered":"O que \u00e9 um crist\u00e3o?\u00a0"},"content":{"rendered":"<p>Mas, a todos quantos o receberam, deu-lhes o poder de serem feitos filhos de Deus. (Jo\u00e3o 1.12, ARA)<\/p>\n<p>O que \u00e9 um crist\u00e3o? A resposta mais rica que eu conhe\u00e7o \u00e9 que o crist\u00e3o \u00e9 algu\u00e9m que tem a Deus como Pai. Mas, isto n\u00e3o pode ser dito por qualquer pessoa, seja crist\u00e3 ou n\u00e3o? Com toda certeza, n\u00e3o! A ideia de que todos s\u00e3o filhos de Deus n\u00e3o \u00e9 encontrada em nenhum lugar da B\u00edblia. O Antigo Testamento mostra Deus como Pai, n\u00e3o de todos, mas apenas do seu povo, a semente de Abra\u00e3o. O Novo Testamento tem uma vis\u00e3o de mundo, mas tamb\u00e9m mostra Deus como Pai, n\u00e3o de todos, mas apenas dos que colocaram a sua confian\u00e7a no Senhor Jesus Cristo como seu Redentor divino e, assim, se tornaram a semente espiritual de Abra\u00e3o. Portanto, ser filho de Deus n\u00e3o \u00e9 um status universal em que todo mundo se encontra por nascimento natural, mas, ao inv\u00e9s disso, \u00e9 um dom sobrenatural que a pessoa recebe ao aceitar Jesus. O dom de ser filho de Deus se torna nosso, n\u00e3o por direito de nascen\u00e7a, mas por meio do novo nascimento. \u201cA todos quantos o receberam.\u201d<\/p>\n<p>Para escrever: Gaste cinco minutos escrevendo quantos nomes voc\u00ea lembrar de pessoas, de qualquer \u00e9poca, que s\u00e3o (at\u00e9 onde voc\u00ea sabe) filhos de Deus. Agrade\u00e7a a Deus por sua liga\u00e7\u00e3o com cada uma delas por meio da generosi\u00addade da ado\u00e7\u00e3o de Deus.<\/p>\n<p><strong>\u00a0<\/strong><\/p>\n<p><strong>&gt;&gt; Retirado de\u00a0<\/strong><strong><a href=\"https:\/\/www.ultimato.com.br\/loja\/produtos\/conhecendo-a-deus-ao-longo-do-ano\">Conhecendo a Deus ao Longo do Ano<\/a><\/strong><strong> [J. I. Packer]<\/strong><strong>. Editora Ultimato.<\/strong><\/p>\n<p>Ou\u00e7a as nossas devocionais pelo <a href=\"https:\/\/open.spotify.com\/show\/7CG8DL9dgWZEgPzX3rnk51?si=1dbGejI2TQS16eamNjb2rA\">Spotify<\/a>!<\/p>\n","protected":false},"excerpt":{"rendered":"<p>Mas, a todos quantos o receberam, deu-lhes o poder de serem feitos filhos de Deus. (Jo\u00e3o 1.12, ARA) O que \u00e9 um crist\u00e3o? A resposta mais rica que eu conhe\u00e7o \u00e9 que o crist\u00e3o \u00e9 algu\u00e9m que tem a Deus como Pai. Mas, isto n\u00e3o pode ser dito por qualquer pessoa, seja crist\u00e3 ou n\u00e3o? [&hellip;]<\/p>\n","protected":false},"author":21,"featured_media":161,"comment_status":"open","ping_status":"open","sticky":false,"template":"","format":"standard","meta":{"ngg_post_thumbnail":0,"footnotes":""},"categories":[5655],"tags":[],"class_list":["post-9383","post","type-post","status-publish","format-standard","has-post-thumbnail","hentry","category-j-i-packer"],"publishpress_future_action":{"enabled":false,"date":"2026-05-05 02:21:07","action":"change-status","newStatus":"draft","terms":[],"taxonomy":"category","extraData":[]},"publishpress_future_workflow_manual_trigger":{"enabledWorkflows":[]},"_links":{"self":[{"href":"https:\/\/ultimato.com.br\/sites\/devocional-diaria\/wp-json\/wp\/v2\/posts\/9383","targetHints":{"allow":["GET"]}}],"collection":[{"href":"https:\/\/ultimato.com.br\/sites\/devocional-diaria\/wp-json\/wp\/v2\/posts"}],"about":[{"href":"https:\/\/ultimato.com.br\/sites\/devocional-diaria\/wp-json\/wp\/v2\/types\/post"}],"author":[{"embeddable":true,"href":"https:\/\/ultimato.com.br\/sites\/devocional-diaria\/wp-json\/wp\/v2\/users\/21"}],"replies":[{"embeddable":true,"href":"https:\/\/ultimato.com.br\/sites\/devocional-diaria\/wp-json\/wp\/v2\/comments?post=9383"}],"version-history":[{"count":1,"href":"https:\/\/ultimato.com.br\/sites\/devocional-diaria\/wp-json\/wp\/v2\/posts\/9383\/revisions"}],"predecessor-version":[{"id":9384,"href":"https:\/\/ultimato.com.br\/sites\/devocional-diaria\/wp-json\/wp\/v2\/posts\/9383\/revisions\/9384"}],"wp:featuredmedia":[{"embeddable":true,"href":"https:\/\/ultimato.com.br\/sites\/devocional-diaria\/wp-json\/wp\/v2\/media\/161"}],"wp:attachment":[{"href":"https:\/\/ultimato.com.br\/sites\/devocional-diaria\/wp-json\/wp\/v2\/media?parent=9383"}],"wp:term":[{"taxonomy":"category","embeddable":true,"href":"https:\/\/ultimato.com.br\/sites\/devocional-diaria\/wp-json\/wp\/v2\/categories?post=9383"},{"taxonomy":"post_tag","embeddable":true,"href":"https:\/\/ultimato.com.br\/sites\/devocional-diaria\/wp-json\/wp\/v2\/tags?post=9383"}],"curies":[{"name":"wp","href":"https:\/\/api.w.org\/{rel}","templated":true}]}}