{"id":9381,"date":"2022-01-27T00:00:39","date_gmt":"2022-01-27T02:00:39","guid":{"rendered":"https:\/\/ultimato.com.br\/sites\/devocional-diaria\/?p=9381"},"modified":"2022-01-21T10:47:13","modified_gmt":"2022-01-21T12:47:13","slug":"jesus-e-sua-apoteose","status":"publish","type":"post","link":"https:\/\/ultimato.com.br\/sites\/devocional-diaria\/2022\/01\/27\/autor\/elben-cesar\/jesus-e-sua-apoteose\/","title":{"rendered":"Jesus e sua apoteose"},"content":{"rendered":"<p>Deus o exaltou \u00e0 mais alta posi\u00e7\u00e3o e lhe deu o nome que est\u00e1 acima de todo nome. (Filipenses 2.9, NVI)<\/p>\n<p>Poucas perguntas foram t\u00e3o diretas como a que Jo\u00e3o Batista encaminhou a Jesus: \u201cO senhor \u00e9 aquele que ia chegar ou devemos esperar outro?\u201d (Lc 7.20). Como resposta, Jesus, na mesma hora, fez coisas portentosas que respondiam \u00e0 pergunta de seu precursor.<\/p>\n<p>Se hoje pergunt\u00e1ssemos a n\u00f3s mesmos se o Jesus da cruz \u00e9 o Jesus que h\u00e1 de vir em poder e muita gl\u00f3ria, ele nos diria: \u201cEstudem cuida\u00addosamente as Escrituras [porque s\u00e3o elas] que testemunham a meu respeito\u201d (Jo 5.39).<\/p>\n<p>De fato, as Escrituras garantem a apoteose que tanto aguardamos. Elas afirmam que \u201ctodos os confins da terra se lembrar\u00e3o e se voltar\u00e3o para o Senhor, e todas as fam\u00edlias das na\u00e7\u00f5es se prostrar\u00e3o diante dele, pois do Senhor \u00e9 o reino, ele governa as na\u00e7\u00f5es\u201d (Sl 22.27-28). Elas de\u00adclaram que Jesus \u201cser\u00e1 engrandecido, elevado e muit\u00edssimo exaltado\u201d (Is 52.13, NVI). Elas informam que o reino do mundo se tornar\u00e1 de nosso Senhor e do seu Cristo, e ele reinar\u00e1 para todo o sempre (Ap 11.15).<\/p>\n<p>\u2014 Tenho como absolutamente certa a formid\u00e1vel apoteose de poder e grande gl\u00f3ria envolvendo o meu Senhor!<\/p>\n<p><strong>\u00a0<\/strong><\/p>\n<p><strong>&gt;&gt; Retirado de\u00a0<a href=\"https:\/\/www.ultimato.com.br\/loja\/produtos\/refeicoes-diarias-com-jesus\">Refei\u00e7\u00f5es Di\u00e1rias com Jesus<\/a> [Elben C\u00e9sar]. Editora Ultimato.<\/strong><\/p>\n<p>Ou\u00e7a as nossas devocionais pelo <a href=\"https:\/\/open.spotify.com\/show\/7CG8DL9dgWZEgPzX3rnk51?si=1dbGejI2TQS16eamNjb2rA\">Spotify<\/a>!<\/p>\n","protected":false},"excerpt":{"rendered":"<p>Deus o exaltou \u00e0 mais alta posi\u00e7\u00e3o e lhe deu o nome que est\u00e1 acima de todo nome. (Filipenses 2.9, NVI) Poucas perguntas foram t\u00e3o diretas como a que Jo\u00e3o Batista encaminhou a Jesus: \u201cO senhor \u00e9 aquele que ia chegar ou devemos esperar outro?\u201d (Lc 7.20). Como resposta, Jesus, na mesma hora, fez coisas [&hellip;]<\/p>\n","protected":false},"author":21,"featured_media":162,"comment_status":"open","ping_status":"open","sticky":false,"template":"","format":"standard","meta":{"ngg_post_thumbnail":0,"footnotes":""},"categories":[5478],"tags":[],"class_list":["post-9381","post","type-post","status-publish","format-standard","has-post-thumbnail","hentry","category-elben-cesar"],"publishpress_future_action":{"enabled":false,"date":"2026-05-05 03:52:46","action":"change-status","newStatus":"draft","terms":[],"taxonomy":"category","extraData":[]},"publishpress_future_workflow_manual_trigger":{"enabledWorkflows":[]},"_links":{"self":[{"href":"https:\/\/ultimato.com.br\/sites\/devocional-diaria\/wp-json\/wp\/v2\/posts\/9381","targetHints":{"allow":["GET"]}}],"collection":[{"href":"https:\/\/ultimato.com.br\/sites\/devocional-diaria\/wp-json\/wp\/v2\/posts"}],"about":[{"href":"https:\/\/ultimato.com.br\/sites\/devocional-diaria\/wp-json\/wp\/v2\/types\/post"}],"author":[{"embeddable":true,"href":"https:\/\/ultimato.com.br\/sites\/devocional-diaria\/wp-json\/wp\/v2\/users\/21"}],"replies":[{"embeddable":true,"href":"https:\/\/ultimato.com.br\/sites\/devocional-diaria\/wp-json\/wp\/v2\/comments?post=9381"}],"version-history":[{"count":1,"href":"https:\/\/ultimato.com.br\/sites\/devocional-diaria\/wp-json\/wp\/v2\/posts\/9381\/revisions"}],"predecessor-version":[{"id":9382,"href":"https:\/\/ultimato.com.br\/sites\/devocional-diaria\/wp-json\/wp\/v2\/posts\/9381\/revisions\/9382"}],"wp:featuredmedia":[{"embeddable":true,"href":"https:\/\/ultimato.com.br\/sites\/devocional-diaria\/wp-json\/wp\/v2\/media\/162"}],"wp:attachment":[{"href":"https:\/\/ultimato.com.br\/sites\/devocional-diaria\/wp-json\/wp\/v2\/media?parent=9381"}],"wp:term":[{"taxonomy":"category","embeddable":true,"href":"https:\/\/ultimato.com.br\/sites\/devocional-diaria\/wp-json\/wp\/v2\/categories?post=9381"},{"taxonomy":"post_tag","embeddable":true,"href":"https:\/\/ultimato.com.br\/sites\/devocional-diaria\/wp-json\/wp\/v2\/tags?post=9381"}],"curies":[{"name":"wp","href":"https:\/\/api.w.org\/{rel}","templated":true}]}}