{"id":938,"date":"2013-12-01T00:00:55","date_gmt":"2013-12-01T03:00:55","guid":{"rendered":"http:\/\/ultimato.com.br\/sites\/devocional-diaria\/?p=938"},"modified":"2013-11-29T16:31:51","modified_gmt":"2013-11-29T19:31:51","slug":"antes-do-tempo","status":"publish","type":"post","link":"https:\/\/ultimato.com.br\/sites\/devocional-diaria\/2013\/12\/01\/autor\/elben-cesar\/antes-do-tempo\/","title":{"rendered":"Antes do tempo"},"content":{"rendered":"<p><em>No princ\u00edpio era o Verbo, e o Verbo estava com Deus, e o Verbo era Deus.[Jo\u00e3o 1.1]<\/em><\/p>\n<p>A B\u00edblia fala do in\u00edcio do tempo, da humanidade e da hist\u00f3ria. \u00c9 a primeira hist\u00f3ria que se conta \u00e0s crian\u00e7as e a \u00faltima que os velhos entendem. Nada havia \u2014 mas Deus era; seu dedo tudo tocava.<br \/>\nQuando perguntaram a Santo Agostinho: \u201cO que Deus fazia antes de criar o universo?\u201d, ele respondeu que estava preparando o inferno para pessoas que fazem tais perguntas&#8230; Agostinho disse que o tempo era uma propriedade do universo criado por Deus e n\u00e3o existia antes do in\u00edcio do universo.<br \/>\nO que existia com o Pai no princ\u00edpio do tempo? Jesus Cristo, Verbo Vivo e autor da vida. Paulo diz que ele \u00e9 a imagem do Deus invis\u00edvel, o primog\u00eanito de toda a cria\u00e7\u00e3o, pois nele foram criadas todas as coisas, para em todas as coisas ter a primazia (Cl 1.15-18). Se Jesus \u00e9 Criador, o princ\u00edpio e o fim de nossas vidas s\u00e3o significativos e de valor eterno. O temor do Senhor \u00e9 este princ\u00edpio da sabedoria (Pv 1.7). Foi com sabedoria que o Senhor fundou a terra e estabeleceu os c\u00e9us (Pv 3.19).<br \/>\nAntigamente, no primeiro dia do ano, meninos pobres mendigavam uns trocados desejando bom princ\u00edpio. Para os dias atuais e para os desconhecidos dias do futuro, precisamos do bom princ\u00edpio de que Jesus estava com Deus na cria\u00e7\u00e3o e estar\u00e1 com ele no fim de nosso tempo.<br \/>\nAquele que j\u00e1 estava no princ\u00edpio de tudo fez o tempo para o nosso mundo e a eternidade para os que nele confiam.<br \/>\n&gt;&gt; Retirado de Devocionais Para Todas as Esta\u00e7\u00f5es. Editora Ultimato.<\/p>\n","protected":false},"excerpt":{"rendered":"<p>No princ\u00edpio era o Verbo, e o Verbo estava com Deus, e o Verbo era Deus.[Jo\u00e3o 1.1] A B\u00edblia fala do in\u00edcio do tempo, da humanidade e da hist\u00f3ria. \u00c9 a primeira hist\u00f3ria que se conta \u00e0s crian\u00e7as e a \u00faltima que os velhos entendem. Nada havia \u2014 mas Deus era; seu dedo tudo tocava. [&hellip;]<\/p>\n","protected":false},"author":6,"featured_media":166,"comment_status":"open","ping_status":"open","sticky":false,"template":"","format":"standard","meta":{"ngg_post_thumbnail":0,"footnotes":""},"categories":[5478],"tags":[],"class_list":["post-938","post","type-post","status-publish","format-standard","has-post-thumbnail","hentry","category-elben-cesar"],"publishpress_future_action":{"enabled":false,"date":"2026-05-07 18:49:16","action":"change-status","newStatus":"draft","terms":[],"taxonomy":"category","extraData":[]},"publishpress_future_workflow_manual_trigger":{"enabledWorkflows":[]},"_links":{"self":[{"href":"https:\/\/ultimato.com.br\/sites\/devocional-diaria\/wp-json\/wp\/v2\/posts\/938","targetHints":{"allow":["GET"]}}],"collection":[{"href":"https:\/\/ultimato.com.br\/sites\/devocional-diaria\/wp-json\/wp\/v2\/posts"}],"about":[{"href":"https:\/\/ultimato.com.br\/sites\/devocional-diaria\/wp-json\/wp\/v2\/types\/post"}],"author":[{"embeddable":true,"href":"https:\/\/ultimato.com.br\/sites\/devocional-diaria\/wp-json\/wp\/v2\/users\/6"}],"replies":[{"embeddable":true,"href":"https:\/\/ultimato.com.br\/sites\/devocional-diaria\/wp-json\/wp\/v2\/comments?post=938"}],"version-history":[{"count":1,"href":"https:\/\/ultimato.com.br\/sites\/devocional-diaria\/wp-json\/wp\/v2\/posts\/938\/revisions"}],"predecessor-version":[{"id":939,"href":"https:\/\/ultimato.com.br\/sites\/devocional-diaria\/wp-json\/wp\/v2\/posts\/938\/revisions\/939"}],"wp:featuredmedia":[{"embeddable":true,"href":"https:\/\/ultimato.com.br\/sites\/devocional-diaria\/wp-json\/wp\/v2\/media\/166"}],"wp:attachment":[{"href":"https:\/\/ultimato.com.br\/sites\/devocional-diaria\/wp-json\/wp\/v2\/media?parent=938"}],"wp:term":[{"taxonomy":"category","embeddable":true,"href":"https:\/\/ultimato.com.br\/sites\/devocional-diaria\/wp-json\/wp\/v2\/categories?post=938"},{"taxonomy":"post_tag","embeddable":true,"href":"https:\/\/ultimato.com.br\/sites\/devocional-diaria\/wp-json\/wp\/v2\/tags?post=938"}],"curies":[{"name":"wp","href":"https:\/\/api.w.org\/{rel}","templated":true}]}}