{"id":9379,"date":"2022-01-26T00:00:47","date_gmt":"2022-01-26T02:00:47","guid":{"rendered":"https:\/\/ultimato.com.br\/sites\/devocional-diaria\/?p=9379"},"modified":"2022-01-21T10:44:54","modified_gmt":"2022-01-21T12:44:54","slug":"a-visao-de-deus-para-a-sua-igreja-4","status":"publish","type":"post","link":"https:\/\/ultimato.com.br\/sites\/devocional-diaria\/2022\/01\/26\/autor\/john-stott\/a-visao-de-deus-para-a-sua-igreja-4\/","title":{"rendered":"A vis\u00e3o de Deus para a sua igreja"},"content":{"rendered":"<p>Eles se dedicavam ao ensino dos ap\u00f3stolos e \u00e0 comunh\u00e3o, ao partir do p\u00e3o e \u00e0s ora\u00e7\u00f5es. (Atos 2.42)<\/p>\n<p>Qual a vis\u00e3o de Deus para a sua igreja? Lucas nos d\u00e1 a resposta. Depois de descrever os acontecimentos do dia de Pentecostes e de explicar o ocor\u00adrido atrav\u00e9s do serm\u00e3o de Pedro centralizado em Jesus, Lucas nos mostra os efeitos do Pentecostes dando-nos um belo vislumbre da igreja cheia do Esp\u00edrito em Jerusal\u00e9m. Claro, a igreja certamente n\u00e3o come\u00e7ou naquele dia. \u00c9 incorreto afirmar que a igreja nasceu no dia de Pentecostes, pois a Igreja como povo de Deus j\u00e1 existia no m\u00ednimo h\u00e1 quatro mil anos, desde Abra\u00e3o. O que aconteceu no Pentecostes foi que o remanescente do povo de Deus se tornou o corpo de Cristo cheio do Esp\u00edrito.<\/p>\n<p>Quais, ent\u00e3o, s\u00e3o as marcas distintivas de uma igreja viva? Para responder a essa pergunta precisamos voltar ao in\u00edcio e examinar com novos olhos a primeira igreja crist\u00e3 em Jerusal\u00e9m. Mas, devemos ser realistas. Temos a tend\u00eancia de idealizar a igreja primitiva. Olhamos para ela atrav\u00e9s de lentes coloridas. Falamos dela com brandura, como se n\u00e3o tivesse falhas. E ent\u00e3o n\u00e3o percebemos as rivalidades, as hipocrisias, as imoralidades e as heresias que perturbavam a igreja primitiva, assim como perturbam a igreja atual.<\/p>\n<p>Por\u00e9m, uma coisa \u00e9 certa. A igreja primitiva, com todos os seus excessos e falhas, havia sido profunda e radicalmente movida pelo Esp\u00edrito Santo.<\/p>\n<p>Sendo assim, voltamos \u00e0 nossa pergunta: como era a igreja do primeiro s\u00e9culo? Que evid\u00eancias ela dava da presen\u00e7a e do poder do Esp\u00edrito Santo? Se pudermos responder essas perguntas, estaremos no caminho certo para descobrir as marcas de uma igreja viva no s\u00e9culo 21.<\/p>\n<p>Para saber mais: Jo\u00e3o 17.6-26<\/p>\n<p>&nbsp;<\/p>\n<p><strong>&gt;&gt; Retirado de\u00a0<a href=\"https:\/\/www.ultimato.com.br\/loja\/produtos\/a-biblia-toda-o-ano-todo-1\">A B\u00edblia Toda, o Ano Todo<\/a>\u00a0[John Stott]. Editora Ultimato.<\/strong><\/p>\n<p>Ou\u00e7a as nossas devocionais pelo <a href=\"https:\/\/open.spotify.com\/show\/7CG8DL9dgWZEgPzX3rnk51?si=1dbGejI2TQS16eamNjb2rA\">Spotify<\/a>!<\/p>\n","protected":false},"excerpt":{"rendered":"<p>Eles se dedicavam ao ensino dos ap\u00f3stolos e \u00e0 comunh\u00e3o, ao partir do p\u00e3o e \u00e0s ora\u00e7\u00f5es. (Atos 2.42) Qual a vis\u00e3o de Deus para a sua igreja? Lucas nos d\u00e1 a resposta. Depois de descrever os acontecimentos do dia de Pentecostes e de explicar o ocor\u00adrido atrav\u00e9s do serm\u00e3o de Pedro centralizado em Jesus, [&hellip;]<\/p>\n","protected":false},"author":21,"featured_media":163,"comment_status":"open","ping_status":"open","sticky":false,"template":"","format":"standard","meta":{"ngg_post_thumbnail":0,"footnotes":""},"categories":[5668],"tags":[],"class_list":["post-9379","post","type-post","status-publish","format-standard","has-post-thumbnail","hentry","category-john-stott"],"publishpress_future_action":{"enabled":false,"date":"2026-05-05 02:42:54","action":"change-status","newStatus":"draft","terms":[],"taxonomy":"category","extraData":[]},"publishpress_future_workflow_manual_trigger":{"enabledWorkflows":[]},"_links":{"self":[{"href":"https:\/\/ultimato.com.br\/sites\/devocional-diaria\/wp-json\/wp\/v2\/posts\/9379","targetHints":{"allow":["GET"]}}],"collection":[{"href":"https:\/\/ultimato.com.br\/sites\/devocional-diaria\/wp-json\/wp\/v2\/posts"}],"about":[{"href":"https:\/\/ultimato.com.br\/sites\/devocional-diaria\/wp-json\/wp\/v2\/types\/post"}],"author":[{"embeddable":true,"href":"https:\/\/ultimato.com.br\/sites\/devocional-diaria\/wp-json\/wp\/v2\/users\/21"}],"replies":[{"embeddable":true,"href":"https:\/\/ultimato.com.br\/sites\/devocional-diaria\/wp-json\/wp\/v2\/comments?post=9379"}],"version-history":[{"count":1,"href":"https:\/\/ultimato.com.br\/sites\/devocional-diaria\/wp-json\/wp\/v2\/posts\/9379\/revisions"}],"predecessor-version":[{"id":9380,"href":"https:\/\/ultimato.com.br\/sites\/devocional-diaria\/wp-json\/wp\/v2\/posts\/9379\/revisions\/9380"}],"wp:featuredmedia":[{"embeddable":true,"href":"https:\/\/ultimato.com.br\/sites\/devocional-diaria\/wp-json\/wp\/v2\/media\/163"}],"wp:attachment":[{"href":"https:\/\/ultimato.com.br\/sites\/devocional-diaria\/wp-json\/wp\/v2\/media?parent=9379"}],"wp:term":[{"taxonomy":"category","embeddable":true,"href":"https:\/\/ultimato.com.br\/sites\/devocional-diaria\/wp-json\/wp\/v2\/categories?post=9379"},{"taxonomy":"post_tag","embeddable":true,"href":"https:\/\/ultimato.com.br\/sites\/devocional-diaria\/wp-json\/wp\/v2\/tags?post=9379"}],"curies":[{"name":"wp","href":"https:\/\/api.w.org\/{rel}","templated":true}]}}