{"id":9377,"date":"2022-01-25T00:00:37","date_gmt":"2022-01-25T02:00:37","guid":{"rendered":"https:\/\/ultimato.com.br\/sites\/devocional-diaria\/?p=9377"},"modified":"2022-01-21T10:42:23","modified_gmt":"2022-01-21T12:42:23","slug":"perfeitos","status":"publish","type":"post","link":"https:\/\/ultimato.com.br\/sites\/devocional-diaria\/2022\/01\/25\/autor\/eugene-h-peterson\/perfeitos\/","title":{"rendered":"Perfeitos\u00a0"},"content":{"rendered":"<p>Resumindo, o que quero dizer \u00e9: cres\u00e7am! Voc\u00eas s\u00e3o s\u00faditos do Reino; tratem de viver como tais. Assumam sua identidade, criada por Deus. Sejam generosos uns para com os outros, pois Deus age assim com voc\u00eas. (Mateus 5.48)<\/p>\n<p>Quando abandonamos o modo como se d\u00e1 a \u00e9tica\u00a0autom\u00e1tica \u2013 como rea\u00e7\u00e3o negligente \u00e0s palavras e a\u00e7\u00f5es\u00a0dos outros \u2013, ficamos livres para tornar-nos o que o amor e\u00a0a gra\u00e7a estimulam em n\u00f3s: a plenitude que finalmente ser\u00e1\u00a0perfeita.\u00a0Compare isto com Ef\u00e9sios 4.15-16.<\/p>\n<p>Molda em mim o que \u00e9 obedi\u00eancia, Deus eterno, o que\u00a0\u00e9 confian\u00e7a e amor. Trata o que \u00e9 rebeldia, obstina\u00e7\u00e3o e\u00a0equ\u00edvoco. Submeto-me \u00e0 tua m\u00e3o de oleiro. Am\u00e9m.<\/p>\n<p><strong>\u00a0<\/strong><\/p>\n<p><strong>&gt;&gt; Retirado de\u00a0<a href=\"http:\/\/www.ultimato.com.br\/loja\/produtos\/um-ano-com-jesus\">Um Ano com Jesus<\/a>\u00a0[Eugene H. Peterson]. Editora Ultimato.<\/strong><\/p>\n<p>Ou\u00e7a as nossas devocionais pelo <a href=\"https:\/\/open.spotify.com\/show\/7CG8DL9dgWZEgPzX3rnk51?si=1dbGejI2TQS16eamNjb2rA\">Spotify<\/a>!<\/p>\n","protected":false},"excerpt":{"rendered":"<p>Resumindo, o que quero dizer \u00e9: cres\u00e7am! Voc\u00eas s\u00e3o s\u00faditos do Reino; tratem de viver como tais. Assumam sua identidade, criada por Deus. Sejam generosos uns para com os outros, pois Deus age assim com voc\u00eas. (Mateus 5.48) Quando abandonamos o modo como se d\u00e1 a \u00e9tica\u00a0autom\u00e1tica \u2013 como rea\u00e7\u00e3o negligente \u00e0s palavras e a\u00e7\u00f5es\u00a0dos [&hellip;]<\/p>\n","protected":false},"author":21,"featured_media":164,"comment_status":"open","ping_status":"open","sticky":false,"template":"","format":"standard","meta":{"ngg_post_thumbnail":0,"footnotes":""},"categories":[17809],"tags":[],"class_list":["post-9377","post","type-post","status-publish","format-standard","has-post-thumbnail","hentry","category-eugene-h-peterson"],"publishpress_future_action":{"enabled":false,"date":"2026-05-05 01:12:44","action":"change-status","newStatus":"draft","terms":[],"taxonomy":"category","extraData":[]},"publishpress_future_workflow_manual_trigger":{"enabledWorkflows":[]},"_links":{"self":[{"href":"https:\/\/ultimato.com.br\/sites\/devocional-diaria\/wp-json\/wp\/v2\/posts\/9377","targetHints":{"allow":["GET"]}}],"collection":[{"href":"https:\/\/ultimato.com.br\/sites\/devocional-diaria\/wp-json\/wp\/v2\/posts"}],"about":[{"href":"https:\/\/ultimato.com.br\/sites\/devocional-diaria\/wp-json\/wp\/v2\/types\/post"}],"author":[{"embeddable":true,"href":"https:\/\/ultimato.com.br\/sites\/devocional-diaria\/wp-json\/wp\/v2\/users\/21"}],"replies":[{"embeddable":true,"href":"https:\/\/ultimato.com.br\/sites\/devocional-diaria\/wp-json\/wp\/v2\/comments?post=9377"}],"version-history":[{"count":1,"href":"https:\/\/ultimato.com.br\/sites\/devocional-diaria\/wp-json\/wp\/v2\/posts\/9377\/revisions"}],"predecessor-version":[{"id":9378,"href":"https:\/\/ultimato.com.br\/sites\/devocional-diaria\/wp-json\/wp\/v2\/posts\/9377\/revisions\/9378"}],"wp:featuredmedia":[{"embeddable":true,"href":"https:\/\/ultimato.com.br\/sites\/devocional-diaria\/wp-json\/wp\/v2\/media\/164"}],"wp:attachment":[{"href":"https:\/\/ultimato.com.br\/sites\/devocional-diaria\/wp-json\/wp\/v2\/media?parent=9377"}],"wp:term":[{"taxonomy":"category","embeddable":true,"href":"https:\/\/ultimato.com.br\/sites\/devocional-diaria\/wp-json\/wp\/v2\/categories?post=9377"},{"taxonomy":"post_tag","embeddable":true,"href":"https:\/\/ultimato.com.br\/sites\/devocional-diaria\/wp-json\/wp\/v2\/tags?post=9377"}],"curies":[{"name":"wp","href":"https:\/\/api.w.org\/{rel}","templated":true}]}}