{"id":9309,"date":"2022-12-25T00:00:09","date_gmt":"2022-12-25T02:00:09","guid":{"rendered":"https:\/\/ultimato.com.br\/sites\/devocional-diaria\/?p=9309"},"modified":"2022-12-16T12:22:44","modified_gmt":"2022-12-16T14:22:44","slug":"jesus-e-a-pessoa-de-que-voce-precisa-2","status":"publish","type":"post","link":"https:\/\/ultimato.com.br\/sites\/devocional-diaria\/2022\/12\/25\/autor\/elben-cesar\/jesus-e-a-pessoa-de-que-voce-precisa-2\/","title":{"rendered":"Jesus \u00e9 a pessoa de que voc\u00ea precisa"},"content":{"rendered":"<p>N\u00e3o procurem atalho para Deus. O mercado est\u00e1 transbordando de\u00a0f\u00f3rmulas f\u00e1ceis e infal\u00edveis para uma vida bem-sucedida que podem ser\u00a0aplicadas em seu tempo livre. N\u00e3o caiam nesse golpe, ainda que multid\u00f5es\u00a0o recomendem. O caminho para a vida \u2013 para Deus! \u2013 \u00e9 dif\u00edcil e requer\u00a0dedica\u00e7\u00e3o total. (Mt 7.13-14)<\/p>\n<p>Ele n\u00e3o veio ao mundo para julgar, mas para salvar (Jo 3.17).<\/p>\n<p>Ele n\u00e3o veio para os s\u00e3os, mas para os doentes. Os s\u00e3os n\u00e3o precisam de\u00a0m\u00e9dico, e, sim, os doentes. Ele n\u00e3o veio chamar justos, mas pecadores ao\u00a0arrependimento. Os justos n\u00e3o necessitam de arrependimento e, sim, os\u00a0pecadores ainda distantes do perd\u00e3o (Lc 5.31-32).<\/p>\n<p>Ele veio localizar, buscar e salvar o perdido, seja quem for: o marido\u00a0desonesto, a mulher prostituta, o amante do dinheiro, o jovem dependente\u00a0de \u00e1lcool, a mo\u00e7a dependente de drogas, os cansados e oprimidos da vida,\u00a0os que est\u00e3o carregados de t\u00e9dio, os que t\u00eam medo, os que n\u00e3o querem\u00a0mais viver (Lc 19.10).<\/p>\n<p>Ele n\u00e3o veio para roubar, matar e destruir, mas para transmitir vida e vida\u00a0em abund\u00e2ncia (Jo 10.10). Ele n\u00e3o veio para torn\u00e1-lo rico, mas para dar-lhe\u00a0paz de esp\u00edrito, alegria interior, certeza de perd\u00e3o, purifica\u00e7\u00e3o de pecados,\u00a0esperan\u00e7a de vida eterna e plena restaura\u00e7\u00e3o (Mt 7.13-14).<\/p>\n<p>N\u00e3o tenha medo de Jesus. Deixe-o aproximar-se de voc\u00ea. Ele \u00e9 a pessoa\u00a0de que voc\u00ea precisa neste exato momento. Em Jesus voc\u00ea pode confiar.<\/p>\n<p><strong>\u00a0<\/strong><\/p>\n<p><strong>&gt;&gt; Retirado de\u00a0<a href=\"https:\/\/www.ultimato.com.br\/loja\/produtos\/cuide-das-raizes-espere-pelos-frutos\">Cuide das Ra\u00edzes, Espere pelos Frutos<\/a>, [Elben C\u00e9sar]. Editora Ultimato.<\/strong><\/p>\n<p>Ou\u00e7a as nossas devocionais pelo <a href=\"https:\/\/open.spotify.com\/show\/7CG8DL9dgWZEgPzX3rnk51?si=1dbGejI2TQS16eamNjb2rA\">Spotify<\/a>!<\/p>\n","protected":false},"excerpt":{"rendered":"<p>N\u00e3o procurem atalho para Deus. O mercado est\u00e1 transbordando de\u00a0f\u00f3rmulas f\u00e1ceis e infal\u00edveis para uma vida bem-sucedida que podem ser\u00a0aplicadas em seu tempo livre. N\u00e3o caiam nesse golpe, ainda que multid\u00f5es\u00a0o recomendem. O caminho para a vida \u2013 para Deus! \u2013 \u00e9 dif\u00edcil e requer\u00a0dedica\u00e7\u00e3o total. (Mt 7.13-14) Ele n\u00e3o veio ao mundo para julgar, [&hellip;]<\/p>\n","protected":false},"author":21,"featured_media":166,"comment_status":"open","ping_status":"open","sticky":false,"template":"","format":"standard","meta":{"ngg_post_thumbnail":0,"footnotes":""},"categories":[5478],"tags":[],"class_list":["post-9309","post","type-post","status-publish","format-standard","has-post-thumbnail","hentry","category-elben-cesar"],"publishpress_future_action":{"enabled":false,"date":"2026-05-04 18:03:11","action":"change-status","newStatus":"draft","terms":[],"taxonomy":"category","extraData":[]},"publishpress_future_workflow_manual_trigger":{"enabledWorkflows":[]},"_links":{"self":[{"href":"https:\/\/ultimato.com.br\/sites\/devocional-diaria\/wp-json\/wp\/v2\/posts\/9309","targetHints":{"allow":["GET"]}}],"collection":[{"href":"https:\/\/ultimato.com.br\/sites\/devocional-diaria\/wp-json\/wp\/v2\/posts"}],"about":[{"href":"https:\/\/ultimato.com.br\/sites\/devocional-diaria\/wp-json\/wp\/v2\/types\/post"}],"author":[{"embeddable":true,"href":"https:\/\/ultimato.com.br\/sites\/devocional-diaria\/wp-json\/wp\/v2\/users\/21"}],"replies":[{"embeddable":true,"href":"https:\/\/ultimato.com.br\/sites\/devocional-diaria\/wp-json\/wp\/v2\/comments?post=9309"}],"version-history":[{"count":2,"href":"https:\/\/ultimato.com.br\/sites\/devocional-diaria\/wp-json\/wp\/v2\/posts\/9309\/revisions"}],"predecessor-version":[{"id":10138,"href":"https:\/\/ultimato.com.br\/sites\/devocional-diaria\/wp-json\/wp\/v2\/posts\/9309\/revisions\/10138"}],"wp:featuredmedia":[{"embeddable":true,"href":"https:\/\/ultimato.com.br\/sites\/devocional-diaria\/wp-json\/wp\/v2\/media\/166"}],"wp:attachment":[{"href":"https:\/\/ultimato.com.br\/sites\/devocional-diaria\/wp-json\/wp\/v2\/media?parent=9309"}],"wp:term":[{"taxonomy":"category","embeddable":true,"href":"https:\/\/ultimato.com.br\/sites\/devocional-diaria\/wp-json\/wp\/v2\/categories?post=9309"},{"taxonomy":"post_tag","embeddable":true,"href":"https:\/\/ultimato.com.br\/sites\/devocional-diaria\/wp-json\/wp\/v2\/tags?post=9309"}],"curies":[{"name":"wp","href":"https:\/\/api.w.org\/{rel}","templated":true}]}}