{"id":8684,"date":"2026-03-28T00:00:27","date_gmt":"2026-03-28T03:00:27","guid":{"rendered":"https:\/\/ultimato.com.br\/sites\/devocional-diaria\/?p=8684"},"modified":"2026-03-27T15:13:06","modified_gmt":"2026-03-27T18:13:06","slug":"inspiracao-do-espirito","status":"publish","type":"post","link":"https:\/\/ultimato.com.br\/sites\/devocional-diaria\/2026\/03\/28\/autor\/j-i-packer\/inspiracao-do-espirito\/","title":{"rendered":"Inspira\u00e7\u00e3o do Esp\u00edrito"},"content":{"rendered":"<p><em>[Jesus disse:] o Esp\u00edrito receber\u00e1 do que \u00e9 meu e o tornar\u00e1 conhecido a voc\u00ea.<\/em> (Jo\u00e3o 16.15)<\/p>\n<p>A promessa era que, ensinados pelo Esp\u00edrito, os primeiros disc\u00edpulos seriam capacitados a falar como se fossem todos eles a boca de Cristo. Assim como os profetas do Antigo Testamento puderam iniciar suas prega\u00e7\u00f5es com as palavras \u201cAssim diz o Senhor Jeov\u00e1\u201d, assim tamb\u00e9m os ap\u00f3stolos do Novo Testamento poderiam igualmente dizer em seu ensino oral ou escrito: \u201cAssim diz o Senhor Jesus Cristo\u201d.<\/p>\n<p>E foi assim que aconteceu. O Esp\u00edrito Santo veio sobre os disc\u00edpulos e lhes deu o testemunho de Cristo e da salva\u00e7\u00e3o, conforme Jesus havia prometido. Paulo escreve: \u201cMas Deus o revelou a n\u00f3s por meio do Esp\u00edrito&#8230; N\u00f3s&#8230; recebemos&#8230; o Esp\u00edrito procedente de Deus, para que entendamos as coisas que Deus nos tem dado gratuitamente\u201d (1Co 2.10-12).<\/p>\n<p>O Esp\u00edrito testemunhou aos ap\u00f3stolos revelando-lhes toda a verdade e inspirando-os a comunicar a mensagem com toda confian\u00e7a. Este \u00e9 o evangelho. E esse \u00e9 o Novo Testamento. Mas o mundo n\u00e3o teria recebido nada disso sem o Esp\u00edrito Santo.<\/p>\n<blockquote><p>Para refletir: Leia uma das pequenas ep\u00edstolas do Novo Testamento. Agrade\u00e7a ao Esp\u00edrito Santo de Deus pelo que voc\u00ea descobrir.<\/p><\/blockquote>\n<p><strong>&nbsp;<\/strong><strong>&gt;&gt; Retirado de&nbsp;<\/strong><a href=\"https:\/\/loja.ultimato.com.br\/livros\/conhecendo-a-deus-ao-longo-do-ano?srsltid=AfmBOoqNABQEAxsVhE1ymjVzPtyGEvxZx1wKUaawAJz-g4yKmgBKjD_a\" target=\"_blank\" rel=\"noopener\"><strong>Conhecendo a Deus ao Longo do Ano<\/strong><\/a><strong>, J. I. Packer<\/strong><strong>. Editora Ultimato.<\/strong><\/p>\n<p>Ou\u00e7a as nossas devocionais pelo <a href=\"https:\/\/open.spotify.com\/show\/7CG8DL9dgWZEgPzX3rnk51?si=1dbGejI2TQS16eamNjb2rA\">Spotify<\/a>!<\/p>\n","protected":false},"excerpt":{"rendered":"<p>[Jesus disse:] o Esp\u00edrito receber\u00e1 do que \u00e9 meu e o tornar\u00e1 conhecido a voc\u00ea. (Jo\u00e3o 16.15) A promessa era que, ensinados pelo Esp\u00edrito, os primeiros disc\u00edpulos seriam capacitados a falar como se fossem todos eles a boca de Cristo. Assim como os profetas do Antigo Testamento puderam iniciar suas prega\u00e7\u00f5es com as palavras \u201cAssim [&hellip;]<\/p>\n","protected":false},"author":21,"featured_media":10975,"comment_status":"open","ping_status":"open","sticky":false,"template":"","format":"standard","meta":{"ngg_post_thumbnail":0,"footnotes":""},"categories":[5655],"tags":[],"class_list":["post-8684","post","type-post","status-publish","format-standard","has-post-thumbnail","hentry","category-j-i-packer"],"publishpress_future_action":{"enabled":true,"date":"2026-04-28 12:59:00","action":"delete","newStatus":"draft","terms":[0],"taxonomy":"category","extraData":[]},"publishpress_future_workflow_manual_trigger":{"enabledWorkflows":[]},"_links":{"self":[{"href":"https:\/\/ultimato.com.br\/sites\/devocional-diaria\/wp-json\/wp\/v2\/posts\/8684","targetHints":{"allow":["GET"]}}],"collection":[{"href":"https:\/\/ultimato.com.br\/sites\/devocional-diaria\/wp-json\/wp\/v2\/posts"}],"about":[{"href":"https:\/\/ultimato.com.br\/sites\/devocional-diaria\/wp-json\/wp\/v2\/types\/post"}],"author":[{"embeddable":true,"href":"https:\/\/ultimato.com.br\/sites\/devocional-diaria\/wp-json\/wp\/v2\/users\/21"}],"replies":[{"embeddable":true,"href":"https:\/\/ultimato.com.br\/sites\/devocional-diaria\/wp-json\/wp\/v2\/comments?post=8684"}],"version-history":[{"count":3,"href":"https:\/\/ultimato.com.br\/sites\/devocional-diaria\/wp-json\/wp\/v2\/posts\/8684\/revisions"}],"predecessor-version":[{"id":12805,"href":"https:\/\/ultimato.com.br\/sites\/devocional-diaria\/wp-json\/wp\/v2\/posts\/8684\/revisions\/12805"}],"wp:featuredmedia":[{"embeddable":true,"href":"https:\/\/ultimato.com.br\/sites\/devocional-diaria\/wp-json\/wp\/v2\/media\/10975"}],"wp:attachment":[{"href":"https:\/\/ultimato.com.br\/sites\/devocional-diaria\/wp-json\/wp\/v2\/media?parent=8684"}],"wp:term":[{"taxonomy":"category","embeddable":true,"href":"https:\/\/ultimato.com.br\/sites\/devocional-diaria\/wp-json\/wp\/v2\/categories?post=8684"},{"taxonomy":"post_tag","embeddable":true,"href":"https:\/\/ultimato.com.br\/sites\/devocional-diaria\/wp-json\/wp\/v2\/tags?post=8684"}],"curies":[{"name":"wp","href":"https:\/\/api.w.org\/{rel}","templated":true}]}}