{"id":8652,"date":"2026-03-29T00:00:28","date_gmt":"2026-03-29T03:00:28","guid":{"rendered":"https:\/\/ultimato.com.br\/sites\/devocional-diaria\/?p=8652"},"modified":"2026-03-27T15:11:31","modified_gmt":"2026-03-27T18:11:31","slug":"jesus-e-os-tres-tempos-2","status":"publish","type":"post","link":"https:\/\/ultimato.com.br\/sites\/devocional-diaria\/2026\/03\/29\/autor\/elben-cesar\/jesus-e-os-tres-tempos-2\/","title":{"rendered":"Jesus e os tr\u00eas tempos"},"content":{"rendered":"<p><em>Cristo amou a igreja e a si mesmo se entregou por ela<\/em>.&nbsp;Ef\u00e9sios 5.25<\/p>\n<p>No que concerne \u00e0 Paix\u00e3o, o verbo <em>entregar-se<\/em> foi conjugado por Jesus e pelos disc\u00edpulos no futuro, no presente e no passado.<\/p>\n<p>No <em>futuro<\/em>, quando o acontecimento da Paix\u00e3o estava um pouco distante: \u201cEis que subimos para Jerusal\u00e9m, e o Filho do Homem ser\u00e1 entregue aos principais sacerdotes e aos escribas. Eles o condenar\u00e3o \u00e0 morte. E o entregar\u00e3o aos gentios para ser escarnecido, a\u00e7oitado e crucificado; mas, ao terceiro dia, ressurgir\u00e1\u201d (Mt 20.18 e 19).<\/p>\n<p>No <em>presente<\/em>, quando Judas e os soldados do templo est\u00e3o entrando no jardim do Gets\u00eamani: \u201cEis que \u00e9 chegada a hora, e o Filho do Homem est\u00e1 sendo entregue nas m\u00e3os dos pecadores. Eis que o traidor se aproxima\u201d (Mt 26.45-46).<\/p>\n<p>No <em>passado<\/em>, quando Jesus inclina a cabe\u00e7a, entrega o esp\u00edrito, o v\u00e9u do templo se rasga em duas partes e a terra treme: \u201cGra\u00e7a a v\u00f3s outros e paz, da parte de Deus, nosso pai, e de nosso Senhor Jesus Cristo, o qual se entregou a si mesmo pelos nossos pecados\u201d (Gl 1.3-4).<\/p>\n<p>\u2014 N\u00e3o me esquecerei: ele ser\u00e1 entregue, ele est\u00e1 sendo entregue e ele foi entregue!<\/p>\n<p><strong>&gt;&gt; Retirado de&nbsp;<a href=\"https:\/\/www.ultimato.com.br\/loja\/produtos\/refeicoes-diarias-com-jesus\">Refei\u00e7\u00f5es Di\u00e1rias com Jesus<\/a> [Elben C\u00e9sar]. Editora Ultimato.<\/strong><\/p>\n","protected":false},"excerpt":{"rendered":"<p>Cristo amou a igreja e a si mesmo se entregou por ela.&nbsp;Ef\u00e9sios 5.25 No que concerne \u00e0 Paix\u00e3o, o verbo entregar-se foi conjugado por Jesus e pelos disc\u00edpulos no futuro, no presente e no passado. No futuro, quando o acontecimento da Paix\u00e3o estava um pouco distante: \u201cEis que subimos para Jerusal\u00e9m, e o Filho do [&hellip;]<\/p>\n","protected":false},"author":21,"featured_media":10974,"comment_status":"open","ping_status":"open","sticky":false,"template":"","format":"standard","meta":{"ngg_post_thumbnail":0,"footnotes":""},"categories":[5478],"tags":[],"class_list":["post-8652","post","type-post","status-publish","format-standard","has-post-thumbnail","hentry","category-elben-cesar"],"publishpress_future_action":{"enabled":true,"date":"2026-04-29 12:59:00","action":"delete","newStatus":"draft","terms":[0],"taxonomy":"category","extraData":[]},"publishpress_future_workflow_manual_trigger":{"enabledWorkflows":[]},"_links":{"self":[{"href":"https:\/\/ultimato.com.br\/sites\/devocional-diaria\/wp-json\/wp\/v2\/posts\/8652","targetHints":{"allow":["GET"]}}],"collection":[{"href":"https:\/\/ultimato.com.br\/sites\/devocional-diaria\/wp-json\/wp\/v2\/posts"}],"about":[{"href":"https:\/\/ultimato.com.br\/sites\/devocional-diaria\/wp-json\/wp\/v2\/types\/post"}],"author":[{"embeddable":true,"href":"https:\/\/ultimato.com.br\/sites\/devocional-diaria\/wp-json\/wp\/v2\/users\/21"}],"replies":[{"embeddable":true,"href":"https:\/\/ultimato.com.br\/sites\/devocional-diaria\/wp-json\/wp\/v2\/comments?post=8652"}],"version-history":[{"count":2,"href":"https:\/\/ultimato.com.br\/sites\/devocional-diaria\/wp-json\/wp\/v2\/posts\/8652\/revisions"}],"predecessor-version":[{"id":12804,"href":"https:\/\/ultimato.com.br\/sites\/devocional-diaria\/wp-json\/wp\/v2\/posts\/8652\/revisions\/12804"}],"wp:featuredmedia":[{"embeddable":true,"href":"https:\/\/ultimato.com.br\/sites\/devocional-diaria\/wp-json\/wp\/v2\/media\/10974"}],"wp:attachment":[{"href":"https:\/\/ultimato.com.br\/sites\/devocional-diaria\/wp-json\/wp\/v2\/media?parent=8652"}],"wp:term":[{"taxonomy":"category","embeddable":true,"href":"https:\/\/ultimato.com.br\/sites\/devocional-diaria\/wp-json\/wp\/v2\/categories?post=8652"},{"taxonomy":"post_tag","embeddable":true,"href":"https:\/\/ultimato.com.br\/sites\/devocional-diaria\/wp-json\/wp\/v2\/tags?post=8652"}],"curies":[{"name":"wp","href":"https:\/\/api.w.org\/{rel}","templated":true}]}}