{"id":8317,"date":"2022-12-22T00:00:31","date_gmt":"2022-12-22T02:00:31","guid":{"rendered":"http:\/\/ultimato.com.br\/sites\/devocional-diaria\/?p=8317"},"modified":"2022-12-16T12:06:35","modified_gmt":"2022-12-16T14:06:35","slug":"senhor-despede-me-em-paz","status":"publish","type":"post","link":"https:\/\/ultimato.com.br\/sites\/devocional-diaria\/2022\/12\/22\/autor\/ricardo-barbosa-de-sousa\/senhor-despede-me-em-paz\/","title":{"rendered":"Senhor, despede-me em paz"},"content":{"rendered":"<p>\u201cSime\u00e3o o tomou nos bra\u00e7os e louvou a Deus, dizendo: Agora,\u00a0Senhor, podes despedir em paz o teu servo, segundo a tua\u00a0palavra; porque os meus olhos j\u00e1 viram a tua salva\u00e7\u00e3o, a qual\u00a0preparaste diante de todos os povos: luz para revela\u00e7\u00e3o aos\u00a0gentios, e para gl\u00f3ria de Israel\u201d (Lucas 2:28-32).<\/p>\n<p>Sime\u00e3o toma Jesus nos bra\u00e7os, contempla aquela crian\u00e7a de\u00a0poucos dias, talvez dormindo tranquila como o sono de todo\u00a0beb\u00ea, e ora. Sua ora\u00e7\u00e3o \u00e9 de um anci\u00e3o que j\u00e1 viveu muito, viu\u00a0de tudo, mas agora, com Jesus nos bra\u00e7os, n\u00e3o h\u00e1 mais nada\u00a0para ver ou provar, j\u00e1 pode morrer, descansar em paz. Sime\u00e3o\u00a0esperou toda sua vida para ter nos bra\u00e7os aquela crian\u00e7a e\u00a0contemplar nela a salva\u00e7\u00e3o, ela trazia consigo a esperan\u00e7a e o\u00a0sentido da vida.<\/p>\n<p>O que levaria um homem a dizer: agora posso morrer em\u00a0paz? Penso que somente um profundo sentimento de plenitude,\u00a0completa realiza\u00e7\u00e3o e certeza absoluta de quem sabe que\u00a0a vida tem sentido e a morte pode ser acolhida como uma amiga e n\u00e3o como inimiga. Na verdade era a crian\u00e7a de Bel\u00e9m\u00a0que tinha Sime\u00e3o nos bra\u00e7os, era ele que agora podia dormir\u00a0tranquilo nas m\u00e3os de Jesus. Seus olhos viram a salva\u00e7\u00e3o e a\u00a0paz do descanso o envolveu.<\/p>\n<p>A presen\u00e7a de Jesus te traz seguran\u00e7a em rela\u00e7\u00e3o a vida e\u00a0a morte?<\/p>\n<p>Ore para que neste dia a paz da salva\u00e7\u00e3o encontre os cora\u00e7\u00f5es\u00a0cansados e lhes d\u00ea o descanso que Deus preparou em Cristo\u00a0para todos os povos<strong>.<\/strong><\/p>\n<p><strong>&gt;&gt; Retirado de\u00a0<a href=\"https:\/\/www.ultimato.com.br\/loja\/produtos\/refeicoes-diarias-celebrando-a-reconciliacao\">Refei\u00e7\u00f5es Di\u00e1rias \u2013 Celebrando a Reconcilia\u00e7\u00e3o<\/a>. Editora Ultimato.<\/strong><\/p>\n","protected":false},"excerpt":{"rendered":"<p>\u201cSime\u00e3o o tomou nos bra\u00e7os e louvou a Deus, dizendo: Agora,\u00a0Senhor, podes despedir em paz o teu servo, segundo a tua\u00a0palavra; porque os meus olhos j\u00e1 viram a tua salva\u00e7\u00e3o, a qual\u00a0preparaste diante de todos os povos: luz para revela\u00e7\u00e3o aos\u00a0gentios, e para gl\u00f3ria de Israel\u201d (Lucas 2:28-32). Sime\u00e3o toma Jesus nos bra\u00e7os, contempla aquela [&hellip;]<\/p>\n","protected":false},"author":21,"featured_media":165,"comment_status":"open","ping_status":"open","sticky":false,"template":"","format":"standard","meta":{"ngg_post_thumbnail":0,"footnotes":""},"categories":[17805],"tags":[],"class_list":["post-8317","post","type-post","status-publish","format-standard","has-post-thumbnail","hentry","category-ricardo-barbosa-de-sousa"],"publishpress_future_action":{"enabled":false,"date":"2026-05-04 18:01:57","action":"change-status","newStatus":"draft","terms":[],"taxonomy":"category","extraData":[]},"publishpress_future_workflow_manual_trigger":{"enabledWorkflows":[]},"_links":{"self":[{"href":"https:\/\/ultimato.com.br\/sites\/devocional-diaria\/wp-json\/wp\/v2\/posts\/8317","targetHints":{"allow":["GET"]}}],"collection":[{"href":"https:\/\/ultimato.com.br\/sites\/devocional-diaria\/wp-json\/wp\/v2\/posts"}],"about":[{"href":"https:\/\/ultimato.com.br\/sites\/devocional-diaria\/wp-json\/wp\/v2\/types\/post"}],"author":[{"embeddable":true,"href":"https:\/\/ultimato.com.br\/sites\/devocional-diaria\/wp-json\/wp\/v2\/users\/21"}],"replies":[{"embeddable":true,"href":"https:\/\/ultimato.com.br\/sites\/devocional-diaria\/wp-json\/wp\/v2\/comments?post=8317"}],"version-history":[{"count":1,"href":"https:\/\/ultimato.com.br\/sites\/devocional-diaria\/wp-json\/wp\/v2\/posts\/8317\/revisions"}],"predecessor-version":[{"id":8318,"href":"https:\/\/ultimato.com.br\/sites\/devocional-diaria\/wp-json\/wp\/v2\/posts\/8317\/revisions\/8318"}],"wp:featuredmedia":[{"embeddable":true,"href":"https:\/\/ultimato.com.br\/sites\/devocional-diaria\/wp-json\/wp\/v2\/media\/165"}],"wp:attachment":[{"href":"https:\/\/ultimato.com.br\/sites\/devocional-diaria\/wp-json\/wp\/v2\/media?parent=8317"}],"wp:term":[{"taxonomy":"category","embeddable":true,"href":"https:\/\/ultimato.com.br\/sites\/devocional-diaria\/wp-json\/wp\/v2\/categories?post=8317"},{"taxonomy":"post_tag","embeddable":true,"href":"https:\/\/ultimato.com.br\/sites\/devocional-diaria\/wp-json\/wp\/v2\/tags?post=8317"}],"curies":[{"name":"wp","href":"https:\/\/api.w.org\/{rel}","templated":true}]}}