{"id":8289,"date":"2022-12-19T00:00:02","date_gmt":"2022-12-19T02:00:02","guid":{"rendered":"http:\/\/ultimato.com.br\/sites\/devocional-diaria\/?p=8289"},"modified":"2022-12-16T11:52:16","modified_gmt":"2022-12-16T13:52:16","slug":"eis-me-aqui-3","status":"publish","type":"post","link":"https:\/\/ultimato.com.br\/sites\/devocional-diaria\/2022\/12\/19\/autor\/ricardo-barbosa-de-sousa\/eis-me-aqui-3\/","title":{"rendered":"Eis-me aqui"},"content":{"rendered":"<p><em>Ent\u00e3o, disse Maria: Aqui est\u00e1 a serva do Senhor; que se cumpra em mim\u00a0conforme a tua palavra. E o anjo se ausentou dela.<\/em> (Lucas 1.38).<\/p>\n<p>Tente imaginar uma adolescente de 16 anos chegando em casa e dizendo\u00a0para a m\u00e3e: \u201cM\u00e3e, estou gr\u00e1vida!\u201d. Passado o primeiro susto, a m\u00e3e pergunta,\u00a0tentando manter a calma: \u201cQuem \u00e9 o pai?\u201d. A filha responde com um sorriso\u00a0no rosto: \u201cO Esp\u00edrito Santo. O meu filho ser\u00e1 o Messias, o Filho do Alt\u00edssimo\u201d.\u00a0Uma conversa assim seria de enlouquecer qualquer fam\u00edlia.<\/p>\n<p>Maria sabia que aparecer gr\u00e1vida sem estar casada traria riscos grav\u00edssimos\u00a0sobre ela. Havia ainda o agravante de que aquilo que o anjo prop\u00f4s a Maria\u00a0n\u00e3o tinha nenhum precedente em toda a hist\u00f3ria, era uma experi\u00eancia\u00a0absolutamente in\u00e9dita.<\/p>\n<p>Essa poderia ser a resposta de Maria, mas, mesmo sem saber como seu\u00a0noivo ou fam\u00edlia iriam reagir, ela aceita humildemente e apresenta-se como\u00a0uma escrava do Senhor, colocando sua vida, corpo, honra e dignidade a servi\u00e7o\u00a0do projeto divino de reden\u00e7\u00e3o.<\/p>\n<p>Ore hoje por uma igreja mais submissa, obediente e corajosa, que n\u00e3o\u00a0tenha medo dos desdobramentos do compromisso com o reino de Deus.<\/p>\n<p>Pai querido, sabemos que tu \u00e9s bom e que tua vontade \u00e9 igualmente boa e\u00a0agrad\u00e1vel. H\u00e1 em n\u00f3s o desejo de te obedecer, fazer aquilo que queres, cumprir\u00a0os teus mandamentos. D\u00e1-nos um cora\u00e7\u00e3o humilde e corajoso, ouvidos atentos\u00a0\u00e0 tua voz, mente disposta a discernir os teus caminhos e um corpo entregue\u00a0ao teu servi\u00e7o. Que, como Maria, nos apresentemos como servos do Senhor\u00a0para toda a tua obra. Am\u00e9m.<strong>\u00a0<\/strong><\/p>\n<p><strong>&gt;&gt; Retirado de\u00a0<a href=\"https:\/\/www.ultimato.com.br\/loja\/produtos\/refeicoes-diarias-celebrando-a-reconciliacao\">Refei\u00e7\u00f5es Di\u00e1rias \u2013 Celebrando a Reconcilia\u00e7\u00e3o<\/a>. Editora Ultimato.<\/strong><\/p>\n","protected":false},"excerpt":{"rendered":"<p>Ent\u00e3o, disse Maria: Aqui est\u00e1 a serva do Senhor; que se cumpra em mim\u00a0conforme a tua palavra. E o anjo se ausentou dela. (Lucas 1.38). Tente imaginar uma adolescente de 16 anos chegando em casa e dizendo\u00a0para a m\u00e3e: \u201cM\u00e3e, estou gr\u00e1vida!\u201d. Passado o primeiro susto, a m\u00e3e pergunta,\u00a0tentando manter a calma: \u201cQuem \u00e9 o [&hellip;]<\/p>\n","protected":false},"author":21,"featured_media":165,"comment_status":"open","ping_status":"open","sticky":false,"template":"","format":"standard","meta":{"ngg_post_thumbnail":0,"footnotes":""},"categories":[17805],"tags":[],"class_list":["post-8289","post","type-post","status-publish","format-standard","has-post-thumbnail","hentry","category-ricardo-barbosa-de-sousa"],"publishpress_future_action":{"enabled":false,"date":"2026-05-04 18:03:05","action":"change-status","newStatus":"draft","terms":[],"taxonomy":"category","extraData":[]},"publishpress_future_workflow_manual_trigger":{"enabledWorkflows":[]},"_links":{"self":[{"href":"https:\/\/ultimato.com.br\/sites\/devocional-diaria\/wp-json\/wp\/v2\/posts\/8289","targetHints":{"allow":["GET"]}}],"collection":[{"href":"https:\/\/ultimato.com.br\/sites\/devocional-diaria\/wp-json\/wp\/v2\/posts"}],"about":[{"href":"https:\/\/ultimato.com.br\/sites\/devocional-diaria\/wp-json\/wp\/v2\/types\/post"}],"author":[{"embeddable":true,"href":"https:\/\/ultimato.com.br\/sites\/devocional-diaria\/wp-json\/wp\/v2\/users\/21"}],"replies":[{"embeddable":true,"href":"https:\/\/ultimato.com.br\/sites\/devocional-diaria\/wp-json\/wp\/v2\/comments?post=8289"}],"version-history":[{"count":2,"href":"https:\/\/ultimato.com.br\/sites\/devocional-diaria\/wp-json\/wp\/v2\/posts\/8289\/revisions"}],"predecessor-version":[{"id":8299,"href":"https:\/\/ultimato.com.br\/sites\/devocional-diaria\/wp-json\/wp\/v2\/posts\/8289\/revisions\/8299"}],"wp:featuredmedia":[{"embeddable":true,"href":"https:\/\/ultimato.com.br\/sites\/devocional-diaria\/wp-json\/wp\/v2\/media\/165"}],"wp:attachment":[{"href":"https:\/\/ultimato.com.br\/sites\/devocional-diaria\/wp-json\/wp\/v2\/media?parent=8289"}],"wp:term":[{"taxonomy":"category","embeddable":true,"href":"https:\/\/ultimato.com.br\/sites\/devocional-diaria\/wp-json\/wp\/v2\/categories?post=8289"},{"taxonomy":"post_tag","embeddable":true,"href":"https:\/\/ultimato.com.br\/sites\/devocional-diaria\/wp-json\/wp\/v2\/tags?post=8289"}],"curies":[{"name":"wp","href":"https:\/\/api.w.org\/{rel}","templated":true}]}}