{"id":8264,"date":"2022-12-21T00:00:46","date_gmt":"2022-12-21T02:00:46","guid":{"rendered":"http:\/\/ultimato.com.br\/sites\/devocional-diaria\/?p=8264"},"modified":"2022-12-16T11:59:45","modified_gmt":"2022-12-16T13:59:45","slug":"jesus-entra-no-tempo-2","status":"publish","type":"post","link":"https:\/\/ultimato.com.br\/sites\/devocional-diaria\/2022\/12\/21\/autor\/elben-cesar\/jesus-entra-no-tempo-2\/","title":{"rendered":"Jesus entra no tempo"},"content":{"rendered":"<p><em>Eis aqui vos trago boa-nova de grande alegria, que o ser\u00e1 para todo o povo: \u00e9 que hoje vos nasceu, na cidade de Davi, o Salvador, que \u00e9 Cristo, o Senhor.\u00a0<\/em>(Lucas 2.10-11)<\/p>\n<p>Quando chegou a data certa, o Verbo \u201cse fez carne e habitou entre n\u00f3s, cheio de gra\u00e7a e de verdade, e vimos a sua gl\u00f3ria\u201d (Jo 1.14). Exatamente a\u00ed, Jesus entra no tempo e torna-se vis\u00edvel e palp\u00e1vel. Referindo-se a esse evento, Paulo escreve: \u201cVindo, por\u00e9m, a plenitude do tempo, Deus enviou seu Filho, nascido de mulher, nascido sob a lei, para resgatar os que estavam sob a lei\u201d (Gl 4.4).<\/p>\n<p>Ao tomar forma humana, o Verbo n\u00e3o deixa de ser o Verbo, n\u00e3o deixa de ser Deus, n\u00e3o deixa de ser eterno. Ele apenas torna-se igual a n\u00f3s, vira gente, humaniza-se.<\/p>\n<p>A esse evento e a esse dia, d\u00e1-se o nome de Natal. Aconteceu numa modesta estrebaria em Bel\u00e9m da Judeia. Foi algo t\u00e3o importante na agenda de Deus que houve uma eclos\u00e3o de milhares de anjos nos c\u00e9us de Bel\u00e9m. Eles cantavam: gl\u00f3rias a Deus no andar de cima e paz entre os homens no andar do baixo (Lc 2.14).<\/p>\n<p>\u2013 Devo colocar o rosto em terra diante daquele que se fez carne e habitou conosco.<\/p>\n<p><strong>&gt;&gt; Retirado de\u00a0<a href=\"https:\/\/www.ultimato.com.br\/loja\/produtos\/refeicoes-diarias-com-jesus\">Refei\u00e7\u00f5es Di\u00e1rias com Jesus<\/a> [Elben C\u00e9sar]. Editora Ultimato.<\/strong><\/p>\n","protected":false},"excerpt":{"rendered":"<p>Eis aqui vos trago boa-nova de grande alegria, que o ser\u00e1 para todo o povo: \u00e9 que hoje vos nasceu, na cidade de Davi, o Salvador, que \u00e9 Cristo, o Senhor.\u00a0(Lucas 2.10-11) Quando chegou a data certa, o Verbo \u201cse fez carne e habitou entre n\u00f3s, cheio de gra\u00e7a e de verdade, e vimos a [&hellip;]<\/p>\n","protected":false},"author":21,"featured_media":163,"comment_status":"open","ping_status":"open","sticky":false,"template":"","format":"standard","meta":{"ngg_post_thumbnail":0,"footnotes":""},"categories":[5478],"tags":[],"class_list":["post-8264","post","type-post","status-publish","format-standard","has-post-thumbnail","hentry","category-elben-cesar"],"publishpress_future_action":{"enabled":false,"date":"2026-05-04 19:24:08","action":"change-status","newStatus":"draft","terms":[],"taxonomy":"category","extraData":[]},"publishpress_future_workflow_manual_trigger":{"enabledWorkflows":[]},"_links":{"self":[{"href":"https:\/\/ultimato.com.br\/sites\/devocional-diaria\/wp-json\/wp\/v2\/posts\/8264","targetHints":{"allow":["GET"]}}],"collection":[{"href":"https:\/\/ultimato.com.br\/sites\/devocional-diaria\/wp-json\/wp\/v2\/posts"}],"about":[{"href":"https:\/\/ultimato.com.br\/sites\/devocional-diaria\/wp-json\/wp\/v2\/types\/post"}],"author":[{"embeddable":true,"href":"https:\/\/ultimato.com.br\/sites\/devocional-diaria\/wp-json\/wp\/v2\/users\/21"}],"replies":[{"embeddable":true,"href":"https:\/\/ultimato.com.br\/sites\/devocional-diaria\/wp-json\/wp\/v2\/comments?post=8264"}],"version-history":[{"count":1,"href":"https:\/\/ultimato.com.br\/sites\/devocional-diaria\/wp-json\/wp\/v2\/posts\/8264\/revisions"}],"predecessor-version":[{"id":8265,"href":"https:\/\/ultimato.com.br\/sites\/devocional-diaria\/wp-json\/wp\/v2\/posts\/8264\/revisions\/8265"}],"wp:featuredmedia":[{"embeddable":true,"href":"https:\/\/ultimato.com.br\/sites\/devocional-diaria\/wp-json\/wp\/v2\/media\/163"}],"wp:attachment":[{"href":"https:\/\/ultimato.com.br\/sites\/devocional-diaria\/wp-json\/wp\/v2\/media?parent=8264"}],"wp:term":[{"taxonomy":"category","embeddable":true,"href":"https:\/\/ultimato.com.br\/sites\/devocional-diaria\/wp-json\/wp\/v2\/categories?post=8264"},{"taxonomy":"post_tag","embeddable":true,"href":"https:\/\/ultimato.com.br\/sites\/devocional-diaria\/wp-json\/wp\/v2\/tags?post=8264"}],"curies":[{"name":"wp","href":"https:\/\/api.w.org\/{rel}","templated":true}]}}