{"id":8230,"date":"2026-04-26T00:00:08","date_gmt":"2026-04-26T03:00:08","guid":{"rendered":"http:\/\/ultimato.com.br\/sites\/devocional-diaria\/?p=8230"},"modified":"2026-04-23T13:42:16","modified_gmt":"2026-04-23T16:42:16","slug":"agradecendo-a-deus","status":"publish","type":"post","link":"https:\/\/ultimato.com.br\/sites\/devocional-diaria\/2026\/04\/26\/autor\/martinho-lutero\/agradecendo-a-deus\/","title":{"rendered":"Agradecendo a Deus"},"content":{"rendered":"<p><em>Exalte o Senhor, \u00f3 Jerusal\u00e9m! Louve o seu Deus, \u00f3 Si\u00e3o.&nbsp;<\/em>(Salmos 147.12)<\/p>\n<p>N\u00f3s dev\u00edamos nos envergonhar de sermos t\u00e3o pregui\u00e7osos a ponto de&nbsp;precisarmos ser estimulados a louvar a Deus ou ser acordados para faz\u00ea-lo,&nbsp;como se estiv\u00e9ssemos dormindo. Recebemos chuvas de b\u00ean\u00e7\u00e3os todos os&nbsp;dias e estamos sempre usando o que Deus nos d\u00e1. Por que precisamos ser&nbsp;lembrados continuamente sobre as coisas maravilhosas que Deus faz por&nbsp;n\u00f3s? Dev\u00edamos ter a capacidade de nos lembrar de agradec\u00ea-lo sem os lembretes&nbsp;dos Salmos. Os presentes de Deus, por si s\u00f3, deviam nos estimular a&nbsp;louv\u00e1-lo. Mas isso n\u00e3o acontece. Precisamos que algu\u00e9m grite conosco antes&nbsp;de come\u00e7armos a louvar ao Senhor. As palavras precisam ser escritas para&nbsp;n\u00f3s e dadas de m\u00e3o beijada, como esse salmo faz.<\/p>\n<p>Mais chocante ainda \u00e9 que aquele que nos d\u00e1 todas essas b\u00ean\u00e7\u00e3os&nbsp;precisa ser apontado para n\u00f3s. Jerusal\u00e9m precisa ser advertida: \u201cExalte o&nbsp;Senhor\u201d, e Si\u00e3o precisa ouvir: \u201cV\u00e1 em frente e louve ao seu Deus\u201d. Todos&nbsp;n\u00f3s usamos as b\u00ean\u00e7\u00e3os do Senhor todos os dias, mas nunca pensamos na&nbsp;origem delas \u2013 Deus. Ele \u00e9 quem nos d\u00e1 tudo. Em vez disso, aceitamos seus&nbsp;presentes como se eles simplesmente aparecessem do nada ou como se n\u00f3s&nbsp;os tiv\u00e9ssemos obtido por meio dos nossos pr\u00f3prios esfor\u00e7os, dilig\u00eancia ou&nbsp;sabedoria. Pensamos que Deus, de alguma maneira, nos deve essas coisas,&nbsp;e, portanto, n\u00e3o precisamos agradecer a ele. Nem mesmo os animais vivem&nbsp;t\u00e3o vergonhosamente. Os porcos reconhecem a pessoa que lhes d\u00e3o seu&nbsp;alimento. Eles correm atr\u00e1s dela e choram. Mas o mundo nem mesmo reconhece&nbsp;a Deus, muito menos o agradece e o louva por essas b\u00ean\u00e7\u00e3os. Se at\u00e9&nbsp;o povo de Deus deve ser encorajado a louv\u00e1-lo, como podemos esperar que&nbsp;o mundo fa\u00e7a melhor? \u00c9 espantoso ver qu\u00e3o relutantes as pessoas s\u00e3o em&nbsp;reconhecer o que Deus tem feito por elas e louv\u00e1-lo por isso.<strong>&nbsp;<\/strong><\/p>\n<p><strong>&gt;&gt; Retirado de&nbsp;<a href=\"https:\/\/loja.ultimato.com.br\/livros\/somente-a-fe?srsltid=AfmBOor9jYZC9hmTt619GpNxq4XDC5Ahkcu5CIQUCb8oSyCMKhi8-tZh\" target=\"_blank\" rel=\"noopener\">Somente a F\u00e9 \u2013 Um Ano com Lutero<\/a>. Editora Ultimato.<\/strong><\/p>\n","protected":false},"excerpt":{"rendered":"<p>Exalte o Senhor, \u00f3 Jerusal\u00e9m! Louve o seu Deus, \u00f3 Si\u00e3o.&nbsp;(Salmos 147.12) N\u00f3s dev\u00edamos nos envergonhar de sermos t\u00e3o pregui\u00e7osos a ponto de&nbsp;precisarmos ser estimulados a louvar a Deus ou ser acordados para faz\u00ea-lo,&nbsp;como se estiv\u00e9ssemos dormindo. Recebemos chuvas de b\u00ean\u00e7\u00e3os todos os&nbsp;dias e estamos sempre usando o que Deus nos d\u00e1. Por que precisamos [&hellip;]<\/p>\n","protected":false},"author":21,"featured_media":10974,"comment_status":"open","ping_status":"open","sticky":false,"template":"","format":"standard","meta":{"ngg_post_thumbnail":0,"footnotes":""},"categories":[17806],"tags":[],"class_list":["post-8230","post","type-post","status-publish","format-standard","has-post-thumbnail","hentry","category-martinho-lutero"],"publishpress_future_action":{"enabled":true,"date":"2026-05-26 12:59:00","action":"delete","newStatus":"draft","terms":[0],"taxonomy":"category","extraData":[]},"publishpress_future_workflow_manual_trigger":{"enabledWorkflows":[]},"_links":{"self":[{"href":"https:\/\/ultimato.com.br\/sites\/devocional-diaria\/wp-json\/wp\/v2\/posts\/8230","targetHints":{"allow":["GET"]}}],"collection":[{"href":"https:\/\/ultimato.com.br\/sites\/devocional-diaria\/wp-json\/wp\/v2\/posts"}],"about":[{"href":"https:\/\/ultimato.com.br\/sites\/devocional-diaria\/wp-json\/wp\/v2\/types\/post"}],"author":[{"embeddable":true,"href":"https:\/\/ultimato.com.br\/sites\/devocional-diaria\/wp-json\/wp\/v2\/users\/21"}],"replies":[{"embeddable":true,"href":"https:\/\/ultimato.com.br\/sites\/devocional-diaria\/wp-json\/wp\/v2\/comments?post=8230"}],"version-history":[{"count":3,"href":"https:\/\/ultimato.com.br\/sites\/devocional-diaria\/wp-json\/wp\/v2\/posts\/8230\/revisions"}],"predecessor-version":[{"id":12859,"href":"https:\/\/ultimato.com.br\/sites\/devocional-diaria\/wp-json\/wp\/v2\/posts\/8230\/revisions\/12859"}],"wp:featuredmedia":[{"embeddable":true,"href":"https:\/\/ultimato.com.br\/sites\/devocional-diaria\/wp-json\/wp\/v2\/media\/10974"}],"wp:attachment":[{"href":"https:\/\/ultimato.com.br\/sites\/devocional-diaria\/wp-json\/wp\/v2\/media?parent=8230"}],"wp:term":[{"taxonomy":"category","embeddable":true,"href":"https:\/\/ultimato.com.br\/sites\/devocional-diaria\/wp-json\/wp\/v2\/categories?post=8230"},{"taxonomy":"post_tag","embeddable":true,"href":"https:\/\/ultimato.com.br\/sites\/devocional-diaria\/wp-json\/wp\/v2\/tags?post=8230"}],"curies":[{"name":"wp","href":"https:\/\/api.w.org\/{rel}","templated":true}]}}