{"id":8088,"date":"2022-12-18T00:00:44","date_gmt":"2022-12-18T02:00:44","guid":{"rendered":"http:\/\/ultimato.com.br\/sites\/devocional-diaria\/?p=8088"},"modified":"2022-12-16T11:49:12","modified_gmt":"2022-12-16T13:49:12","slug":"interesse-pela-gloria-de-deus-3","status":"publish","type":"post","link":"https:\/\/ultimato.com.br\/sites\/devocional-diaria\/2022\/12\/18\/autor\/john-stott\/interesse-pela-gloria-de-deus-3\/","title":{"rendered":"Interesse pela gl\u00f3ria de Deus"},"content":{"rendered":"<p><em>Pai nosso, que est\u00e1s nos c\u00e9us! Santificado seja o teu nome. Venha o teu Reino;\u00a0seja feita a tua vontade, assim na terra como no c\u00e9u.\u00a0<\/em>Mateus 6.9-10<\/p>\n<p>A ora\u00e7\u00e3o do Pai-Nosso cont\u00e9m seis peti\u00e7\u00f5es. As tr\u00eas primeiras dizem respeito \u00e0 gl\u00f3ria de Deus (seu nome, seu reino e a sua vontade). J\u00e1 o segundo trio de pedidos se refere a n\u00f3s e \u00e0s nossas necessidades (o p\u00e3o de cada dia, o perd\u00e3o e o livramento). Uma prioridade semelhante \u00e9 reconhecida nos Dez Mandamentos, quando os cinco primeiros lidam com a nossa obriga\u00e7\u00e3o para com Deus, e os outros cinco, com a nossa obriga\u00e7\u00e3o para com o pr\u00f3ximo.<\/p>\n<p>Iremos concentrar nossa aten\u00e7\u00e3o na gl\u00f3ria de Deus em rela\u00e7\u00e3o ao seu\u00a0nome, seu reino e sua vontade. Um nome representa a pessoa que o tem, sua\u00a0natureza, car\u00e1ter e atividade. Sendo assim, o \u201cnome\u201d de Deus \u00e9 o pr\u00f3prio Deus,\u00a0uma vez que revela a si mesmo. Seu nome j\u00e1 \u00e9 santo por ser exaltado acima\u00a0de todo nome. No entanto, oramos para que ele seja santificado, ou seja, que\u00a0receba a honra que lhe \u00e9 devida em nossas vidas, na igreja e no mundo.<\/p>\n<p>eino de Deus \u00e9 o seu dom\u00ednio real, n\u00e3o somente em sua absoluta\u00a0soberania sobre a natureza e a hist\u00f3ria, mas tamb\u00e9m ao ter entrado no mundo\u00a0com Jesus.O r Orar pela vinda do reino \u00e9 orar para que ele cres\u00e7a \u00e0 medida que as pessoas se submetem a Jesus atrav\u00e9s do testemunho da igreja, e para que ele seja consumado quando Jesus retornar em gl\u00f3ria.<\/p>\n<p>A vontade de Deus \u00e9 a vontade daquele que \u00e9 perfeito em conhecimento,\u00a0amor e poder. Por isso \u00e9 tolice resistir a ela. E \u00e9 sabedoria discerni-la, desej\u00e1-la\u00a0e cumpri-la. Precisamos orar, portanto, para que a vontade de Deus seja feita\u00a0na terra assim como no c\u00e9u.<\/p>\n<p>\u00c9 relativamente f\u00e1cil repetir as palavras do Pai-Nosso como um papagaio, ou como um \u201ctagarela\u201d pag\u00e3o. Or\u00e1-las com sinceridade, contudo, tem implica\u00e7\u00f5es revolucion\u00e1rias. Nossa prioridade se torna n\u00e3o mais a promo\u00e7\u00e3o do nosso insignificante nome, reino e vontade, mas do de Deus. Conseguirmos orar essas peti\u00e7\u00f5es com integridade ser\u00e1 um teste de busca da realidade e da profundidade de nossa profiss\u00e3o crist\u00e3.<\/p>\n<p><strong>Para saber mais: Ef\u00e9sios 1.3-14<\/strong><strong>\u00a0<\/strong><\/p>\n<p><strong>&gt;&gt; Retirado de\u00a0<a href=\"http:\/\/www.ultimato.com.br\/loja\/produtos\/a-biblia-toda-o-ano-todo\">A B\u00edblia Toda, o Ano Todo<\/a>\u00a0[John Stott]. Editora Ultimato.<\/strong><\/p>\n","protected":false},"excerpt":{"rendered":"<p>Pai nosso, que est\u00e1s nos c\u00e9us! Santificado seja o teu nome. Venha o teu Reino;\u00a0seja feita a tua vontade, assim na terra como no c\u00e9u.\u00a0Mateus 6.9-10 A ora\u00e7\u00e3o do Pai-Nosso cont\u00e9m seis peti\u00e7\u00f5es. As tr\u00eas primeiras dizem respeito \u00e0 gl\u00f3ria de Deus (seu nome, seu reino e a sua vontade). J\u00e1 o segundo trio de [&hellip;]<\/p>\n","protected":false},"author":21,"featured_media":166,"comment_status":"open","ping_status":"open","sticky":false,"template":"","format":"standard","meta":{"ngg_post_thumbnail":0,"footnotes":""},"categories":[5668],"tags":[],"class_list":["post-8088","post","type-post","status-publish","format-standard","has-post-thumbnail","hentry","category-john-stott"],"publishpress_future_action":{"enabled":false,"date":"2026-05-04 19:24:14","action":"change-status","newStatus":"draft","terms":[],"taxonomy":"category","extraData":[]},"publishpress_future_workflow_manual_trigger":{"enabledWorkflows":[]},"_links":{"self":[{"href":"https:\/\/ultimato.com.br\/sites\/devocional-diaria\/wp-json\/wp\/v2\/posts\/8088","targetHints":{"allow":["GET"]}}],"collection":[{"href":"https:\/\/ultimato.com.br\/sites\/devocional-diaria\/wp-json\/wp\/v2\/posts"}],"about":[{"href":"https:\/\/ultimato.com.br\/sites\/devocional-diaria\/wp-json\/wp\/v2\/types\/post"}],"author":[{"embeddable":true,"href":"https:\/\/ultimato.com.br\/sites\/devocional-diaria\/wp-json\/wp\/v2\/users\/21"}],"replies":[{"embeddable":true,"href":"https:\/\/ultimato.com.br\/sites\/devocional-diaria\/wp-json\/wp\/v2\/comments?post=8088"}],"version-history":[{"count":3,"href":"https:\/\/ultimato.com.br\/sites\/devocional-diaria\/wp-json\/wp\/v2\/posts\/8088\/revisions"}],"predecessor-version":[{"id":8115,"href":"https:\/\/ultimato.com.br\/sites\/devocional-diaria\/wp-json\/wp\/v2\/posts\/8088\/revisions\/8115"}],"wp:featuredmedia":[{"embeddable":true,"href":"https:\/\/ultimato.com.br\/sites\/devocional-diaria\/wp-json\/wp\/v2\/media\/166"}],"wp:attachment":[{"href":"https:\/\/ultimato.com.br\/sites\/devocional-diaria\/wp-json\/wp\/v2\/media?parent=8088"}],"wp:term":[{"taxonomy":"category","embeddable":true,"href":"https:\/\/ultimato.com.br\/sites\/devocional-diaria\/wp-json\/wp\/v2\/categories?post=8088"},{"taxonomy":"post_tag","embeddable":true,"href":"https:\/\/ultimato.com.br\/sites\/devocional-diaria\/wp-json\/wp\/v2\/tags?post=8088"}],"curies":[{"name":"wp","href":"https:\/\/api.w.org\/{rel}","templated":true}]}}