{"id":12855,"date":"2026-05-01T00:00:51","date_gmt":"2026-05-01T03:00:51","guid":{"rendered":"https:\/\/ultimato.com.br\/sites\/devocional-diaria\/?p=12855"},"modified":"2026-04-22T19:28:55","modified_gmt":"2026-04-22T22:28:55","slug":"na-rota-certa-e-no-tempo-certo-2","status":"publish","type":"post","link":"https:\/\/ultimato.com.br\/sites\/devocional-diaria\/2026\/05\/01\/autor\/elben-cesar\/na-rota-certa-e-no-tempo-certo-2\/","title":{"rendered":"Na rota certa e no tempo certo\u00a0"},"content":{"rendered":"<p>Voc\u00ea n\u00e3o quer ir a Jerusal\u00e9m e ser julgado l\u00e1 por mim? (At 25.9)&nbsp;<\/p>\n<p>Quando Festo perguntou a Paulo se ele queria ir a Jerusal\u00e9m, Paulo disse um&nbsp;enf\u00e1tico \u201cn\u00e3o\u201d. O plano dele era outro, do qual n\u00e3o estava disposto a abrir&nbsp;m\u00e3o, porque tinha o selo de Deus. Na primeira noite passada na fortaleza&nbsp;Ant\u00f4nia, o Senhor Jesus apareceu a Paulo e disse: \u201cVoc\u00ea falou a meu respeito&nbsp;aqui em Jerusal\u00e9m e vai falar tamb\u00e9m em Roma\u201d (23.11). Na condi\u00e7\u00e3o de&nbsp;prisioneiro, a longa viagem mar\u00edtima foi paga pelos cofres p\u00fablicos.&nbsp;<\/p>\n<p>Al\u00e9m desse motivo mission\u00e1rio, Paulo tinha um motivo particular: em&nbsp;Jerusal\u00e9m ele poderia ser morto. Mas o primeiro motivo pesava muito mais&nbsp;do que o segundo, pois ele poderia ser morto tamb\u00e9m em Roma, o que de&nbsp;fato aconteceu alguns anos depois, segundo a tradi\u00e7\u00e3o. Pelos amigos, Paulo&nbsp;foi aconselhado a n\u00e3o ir a Jerusal\u00e9m (21.4, 12), mas foi. Agora ele \u00e9 convidado&nbsp;a ir a Jerusal\u00e9m, e n\u00e3o vai. Como diz Eclesiastes: \u201cTudo neste mundo&nbsp;tem o seu tempo; cada coisa tem a sua ocasi\u00e3o\u201d (Ec 3.1).&nbsp;<\/p>\n<p>A experi\u00eancia de Jesus \u00e9 semelhante. Quando Jesus come\u00e7ou a dizer&nbsp;claramente que era-lhe necess\u00e1rio ir para Jerusal\u00e9m, onde sofreria muito e&nbsp;seria morto, Pedro o desaconselhou veementemente a fazer tal coisa, mas&nbsp;Jesus teimou em ir porque \u201cera necess\u00e1rio\u201d (Mt 16.21-23, NTLH).&nbsp;<\/p>\n<p>O seguidor do Caminho n\u00e3o deve se expor por imprud\u00eancia, por valentia,&nbsp;por exibi\u00e7\u00e3o e pela for\u00e7a dos conselhos mal dados. Mas quando se trata de&nbsp;uma responsabilidade s\u00e9ria dada inequivocamente pelo Senhor da Seara,&nbsp;ele deve enfrentar qualquer situa\u00e7\u00e3o. O \u201ctamb\u00e9m em Roma\u201d que soou no&nbsp;ouvido de Paulo colocou-o na rota certa e no tempo certo!&nbsp;<\/p>\n<p>&nbsp;<\/p>\n<p><strong>&gt;&gt; Retirado de&nbsp;<\/strong><a href=\"https:\/\/loja.ultimato.com.br\/livros\/refeicoes-diarias-no-partir-do-pao-e-na-oracao\"><strong><em>Refei\u00e7\u00f5es Di\u00e1rias \u2013 no partir do p\u00e3o e na ora\u00e7\u00e3o<\/em><\/strong><\/a><strong> [Elben C\u00e9sar]. <\/strong><strong>Editora Ultimato.<\/strong><strong>&nbsp;<\/strong><\/p>\n<p>Ou\u00e7a e compartilhe nossas devocionais pelo <a href=\"https:\/\/open.spotify.com\/show\/7CG8DL9dgWZEgPzX3rnk51?si=1dbGejI2TQS16eamNjb2rA\">Spotify<\/a>!<\/p>\n<p><iframe loading=\"lazy\" style=\"border-radius: 12px;\" src=\"https:\/\/open.spotify.com\/embed\/show\/7CG8DL9dgWZEgPzX3rnk51?utm_source=generator&amp;theme=0\" width=\"100%\" height=\"152\" frameborder=\"0\" allowfullscreen=\"allowfullscreen\"><\/iframe>&nbsp;<\/p>\n","protected":false},"excerpt":{"rendered":"<p>Voc\u00ea n\u00e3o quer ir a Jerusal\u00e9m e ser julgado l\u00e1 por mim? (At 25.9)&nbsp; Quando Festo perguntou a Paulo se ele queria ir a Jerusal\u00e9m, Paulo disse um&nbsp;enf\u00e1tico \u201cn\u00e3o\u201d. O plano dele era outro, do qual n\u00e3o estava disposto a abrir&nbsp;m\u00e3o, porque tinha o selo de Deus. Na primeira noite passada na fortaleza&nbsp;Ant\u00f4nia, o Senhor [&hellip;]<\/p>\n","protected":false},"author":21,"featured_media":10973,"comment_status":"open","ping_status":"open","sticky":false,"template":"","format":"standard","meta":{"ngg_post_thumbnail":0,"footnotes":""},"categories":[5478],"tags":[],"class_list":["post-12855","post","type-post","status-publish","format-standard","has-post-thumbnail","hentry","category-elben-cesar"],"publishpress_future_action":{"enabled":true,"date":"2026-06-01 12:59:00","action":"delete","newStatus":"draft","terms":[0],"taxonomy":"category","extraData":[]},"publishpress_future_workflow_manual_trigger":{"enabledWorkflows":[]},"_links":{"self":[{"href":"https:\/\/ultimato.com.br\/sites\/devocional-diaria\/wp-json\/wp\/v2\/posts\/12855","targetHints":{"allow":["GET"]}}],"collection":[{"href":"https:\/\/ultimato.com.br\/sites\/devocional-diaria\/wp-json\/wp\/v2\/posts"}],"about":[{"href":"https:\/\/ultimato.com.br\/sites\/devocional-diaria\/wp-json\/wp\/v2\/types\/post"}],"author":[{"embeddable":true,"href":"https:\/\/ultimato.com.br\/sites\/devocional-diaria\/wp-json\/wp\/v2\/users\/21"}],"replies":[{"embeddable":true,"href":"https:\/\/ultimato.com.br\/sites\/devocional-diaria\/wp-json\/wp\/v2\/comments?post=12855"}],"version-history":[{"count":1,"href":"https:\/\/ultimato.com.br\/sites\/devocional-diaria\/wp-json\/wp\/v2\/posts\/12855\/revisions"}],"predecessor-version":[{"id":12856,"href":"https:\/\/ultimato.com.br\/sites\/devocional-diaria\/wp-json\/wp\/v2\/posts\/12855\/revisions\/12856"}],"wp:featuredmedia":[{"embeddable":true,"href":"https:\/\/ultimato.com.br\/sites\/devocional-diaria\/wp-json\/wp\/v2\/media\/10973"}],"wp:attachment":[{"href":"https:\/\/ultimato.com.br\/sites\/devocional-diaria\/wp-json\/wp\/v2\/media?parent=12855"}],"wp:term":[{"taxonomy":"category","embeddable":true,"href":"https:\/\/ultimato.com.br\/sites\/devocional-diaria\/wp-json\/wp\/v2\/categories?post=12855"},{"taxonomy":"post_tag","embeddable":true,"href":"https:\/\/ultimato.com.br\/sites\/devocional-diaria\/wp-json\/wp\/v2\/tags?post=12855"}],"curies":[{"name":"wp","href":"https:\/\/api.w.org\/{rel}","templated":true}]}}