{"id":12853,"date":"2026-04-30T00:00:04","date_gmt":"2026-04-30T03:00:04","guid":{"rendered":"https:\/\/ultimato.com.br\/sites\/devocional-diaria\/?p=12853"},"modified":"2026-04-22T19:18:09","modified_gmt":"2026-04-22T22:18:09","slug":"a-injustica-que-nem-sempre-nos-incomoda-3","status":"publish","type":"post","link":"https:\/\/ultimato.com.br\/sites\/devocional-diaria\/2026\/04\/30\/autor\/ricardo-barbosa-de-sousa\/a-injustica-que-nem-sempre-nos-incomoda-3\/","title":{"rendered":"A injusti\u00e7a que nem sempre nos incomoda"},"content":{"rendered":"<p>Voc\u00ea n\u00e3o dava \u00e1gua para as pessoas cansadas nem comida aos que tinham fome.&nbsp;Voc\u00ea usou a sua posi\u00e7\u00e3o e o seu poder para se tornar o dono da terra.&nbsp;Voc\u00ea roubou e maltratou os \u00f3rf\u00e3os e nunca ajudou as vi\u00favas. [J\u00f3 22.7-9]&nbsp;<\/p>\n<p>Os amigos de J\u00f3 o acusaram falsamente. Parece-nos que eram sinceros, mas&nbsp;ainda assim a acusa\u00e7\u00e3o n\u00e3o procedia. No entanto, se a acusa\u00e7\u00e3o era falsa, o&nbsp;pressuposto a respeito daquilo que desagrada a Deus estava correto.&nbsp;<\/p>\n<p>De fato, Deus se aborrece de quem pratica injusti\u00e7a de qualquer tipo,&nbsp;quer seja enriquecer-se \u00e0 custa do empobrecimento dos outros, deixar de&nbsp;demonstrar miseric\u00f3rdia, ou qualquer tipo de explora\u00e7\u00e3o com objetivo de&nbsp;tomar posse do poder. Nisso tudo, certos atos eram especialmente graves:&nbsp;maltratar os \u00f3rf\u00e3os e a neglig\u00eancia com as vi\u00favas. Interessante que s\u00e3o essas&nbsp;injusti\u00e7as que definem o conceito de \u201cpecado\u201d mencionado no vers\u00edculo&nbsp;anterior (J\u00f3 22.5).&nbsp;<\/p>\n<p>Isso \u00e9 importante porque popularmente o pecado \u00e9 geralmente concebido&nbsp;em termos individuais e morais. Ou seja, o pecado seria aquele delito que eu&nbsp;cometo individualmente. A mentira, os maus pensamentos, a inveja, a cobi\u00e7a e&nbsp;a pornografia s\u00e3o alguns exemplos. Conquanto seja justo pensar nesses delitos&nbsp;como pecados, a defini\u00e7\u00e3o dada por Elifaz enfatiza o mal que cometemos em&nbsp;rela\u00e7\u00e3o ao nosso pr\u00f3ximo, especialmente as injusti\u00e7as ou neglig\u00eancias que&nbsp;prejudicam as pessoas socialmente vulner\u00e1veis.&nbsp;<\/p>\n<p>\u00c9 prov\u00e1vel que isso n\u00e3o seja nenhuma novidade. Estamos \u201ccansados de&nbsp;saber\u201d&#8230; Sim. Por que ent\u00e3o isso ainda nos incomoda? Ou n\u00e3o incomoda?&nbsp;<\/p>\n<blockquote><p>Pai, muitos de n\u00f3s ainda somos crist\u00e3os nominais. \u00c0s vezes, sinto-me assim. Ainda&nbsp;reluto em refletir a tua miseric\u00f3rdia. S\u00ea misericordioso para comigo e grava no&nbsp;meu interior a fome e a sede pela tua justi\u00e7a e ajuda-me a demonstr\u00e1-las nos&nbsp;meus relacionamentos. Em nome de Jesus. Am\u00e9m.<\/p><\/blockquote>\n<p><strong>&nbsp;<\/strong><\/p>\n<p><strong>&gt;&gt; Retirado de&nbsp;<\/strong><a href=\"https:\/\/loja.ultimato.com.br\/livros\/refeicoes-diarias-celebrando-a-reconciliacao\"><strong><em>Refei\u00e7\u00f5es Di\u00e1rias \u2013 Celebrando a Reconcilia\u00e7\u00e3o<\/em><\/strong><\/a><strong>. <\/strong><strong>Editora Ultimato.<\/strong><\/p>\n<p>Ou\u00e7a e compartilhe nossas devocionais pelo <a href=\"https:\/\/open.spotify.com\/show\/7CG8DL9dgWZEgPzX3rnk51?si=1dbGejI2TQS16eamNjb2rA\">Spotify<\/a>!<\/p>\n<p><iframe loading=\"lazy\" style=\"border-radius: 12px;\" src=\"https:\/\/open.spotify.com\/embed\/show\/7CG8DL9dgWZEgPzX3rnk51?utm_source=generator&amp;theme=0\" width=\"100%\" height=\"152\" frameborder=\"0\" allowfullscreen=\"allowfullscreen\"><\/iframe>&nbsp;<\/p>\n","protected":false},"excerpt":{"rendered":"<p>Voc\u00ea n\u00e3o dava \u00e1gua para as pessoas cansadas nem comida aos que tinham fome.&nbsp;Voc\u00ea usou a sua posi\u00e7\u00e3o e o seu poder para se tornar o dono da terra.&nbsp;Voc\u00ea roubou e maltratou os \u00f3rf\u00e3os e nunca ajudou as vi\u00favas. [J\u00f3 22.7-9]&nbsp; Os amigos de J\u00f3 o acusaram falsamente. Parece-nos que eram sinceros, mas&nbsp;ainda assim a [&hellip;]<\/p>\n","protected":false},"author":21,"featured_media":10977,"comment_status":"open","ping_status":"open","sticky":false,"template":"","format":"standard","meta":{"ngg_post_thumbnail":0,"footnotes":""},"categories":[17805],"tags":[],"class_list":["post-12853","post","type-post","status-publish","format-standard","has-post-thumbnail","hentry","category-ricardo-barbosa-de-sousa"],"publishpress_future_action":{"enabled":true,"date":"2026-05-30 12:59:00","action":"delete","newStatus":"draft","terms":[0],"taxonomy":"category","extraData":[]},"publishpress_future_workflow_manual_trigger":{"enabledWorkflows":[]},"_links":{"self":[{"href":"https:\/\/ultimato.com.br\/sites\/devocional-diaria\/wp-json\/wp\/v2\/posts\/12853","targetHints":{"allow":["GET"]}}],"collection":[{"href":"https:\/\/ultimato.com.br\/sites\/devocional-diaria\/wp-json\/wp\/v2\/posts"}],"about":[{"href":"https:\/\/ultimato.com.br\/sites\/devocional-diaria\/wp-json\/wp\/v2\/types\/post"}],"author":[{"embeddable":true,"href":"https:\/\/ultimato.com.br\/sites\/devocional-diaria\/wp-json\/wp\/v2\/users\/21"}],"replies":[{"embeddable":true,"href":"https:\/\/ultimato.com.br\/sites\/devocional-diaria\/wp-json\/wp\/v2\/comments?post=12853"}],"version-history":[{"count":1,"href":"https:\/\/ultimato.com.br\/sites\/devocional-diaria\/wp-json\/wp\/v2\/posts\/12853\/revisions"}],"predecessor-version":[{"id":12854,"href":"https:\/\/ultimato.com.br\/sites\/devocional-diaria\/wp-json\/wp\/v2\/posts\/12853\/revisions\/12854"}],"wp:featuredmedia":[{"embeddable":true,"href":"https:\/\/ultimato.com.br\/sites\/devocional-diaria\/wp-json\/wp\/v2\/media\/10977"}],"wp:attachment":[{"href":"https:\/\/ultimato.com.br\/sites\/devocional-diaria\/wp-json\/wp\/v2\/media?parent=12853"}],"wp:term":[{"taxonomy":"category","embeddable":true,"href":"https:\/\/ultimato.com.br\/sites\/devocional-diaria\/wp-json\/wp\/v2\/categories?post=12853"},{"taxonomy":"post_tag","embeddable":true,"href":"https:\/\/ultimato.com.br\/sites\/devocional-diaria\/wp-json\/wp\/v2\/tags?post=12853"}],"curies":[{"name":"wp","href":"https:\/\/api.w.org\/{rel}","templated":true}]}}