{"id":12851,"date":"2026-04-29T00:00:31","date_gmt":"2026-04-29T03:00:31","guid":{"rendered":"https:\/\/ultimato.com.br\/sites\/devocional-diaria\/?p=12851"},"modified":"2026-04-22T19:16:29","modified_gmt":"2026-04-22T22:16:29","slug":"nao-se-esqueca-do-reino-3","status":"publish","type":"post","link":"https:\/\/ultimato.com.br\/sites\/devocional-diaria\/2026\/04\/29\/autor\/elben-cesar\/nao-se-esqueca-do-reino-3\/","title":{"rendered":"N\u00e3o se esque\u00e7a do reino"},"content":{"rendered":"<p>O reino de Deus n\u00e3o vem de modo vis\u00edvel, nem se dir\u00e1:&nbsp;\u201cAqui est\u00e1 ele\u201d, ou \u201cL\u00e1 est\u00e1\u201d; porque o reino de Deus est\u00e1 entre voc\u00eas. &nbsp;Lucas 17.20-21, NVI&nbsp;<\/p>\n<p>N\u00e3o h\u00e1 d\u00favida de que, um dia, ap\u00f3s o toque da s\u00e9tima trombeta, o reino do mundo se tornar\u00e1 meu e eu reinarei para todo o sempre (Ap 11.15). N\u00e3o h\u00e1 d\u00favida de que, um dia, todo joelho h\u00e1 de se dobrar diante de mim e toda l\u00edngua confessar\u00e1 que eu sou o Senhor (Fp 2.9-11). Por\u00e9m, antes de tudo, o reino de Deus vir\u00e1 de maneira discreta e pessoal, sem cornetas, sem fanfarra, sem desfile militar, sem pompa e circunst\u00e2ncia. Antes de conquistar as massas, quero conquistar o pecador, individualmente. Por esta raz\u00e3o, digo-lhe que o reino de Deus n\u00e3o ser\u00e1 um evento que se possa ver e localizar, porque ele se realiza e se concretiza dentro dos crentes (Lc 17.20-21).&nbsp;<\/p>\n<p>N\u00e3o pense que o meu reino \u00e9 pol\u00edtico e militar. N\u00e3o estou derrubando governos nem promovendo guerras. Estou implantando um reino que \u00e9 espiritual em sua ess\u00eancia. Esse reino \u00e9 interior e n\u00e3o p\u00fablico, est\u00e1 comprometido com a alma e n\u00e3o com a sabedoria humana. Dentro de voc\u00ea eu tenho um trono. Eu sou o seu Senhor e Rei e voc\u00ea \u00e9 meu s\u00fadito e vassalo.<\/p>\n<p>O reino de Deus j\u00e1 veio a mim; j\u00e1 se instalou dentro de mim!<strong>&nbsp;<\/strong><\/p>\n<p><strong>&nbsp;<\/strong><\/p>\n<p><strong>&gt;&gt; Retirado de&nbsp;<\/strong><strong><em>Refei\u00e7\u00f5es Di\u00e1rias com Jesus<\/em><\/strong><strong>&nbsp;<\/strong><strong>[Elben C\u00e9sar]. <\/strong><strong>Editora Ultimato.<\/strong><\/p>\n<p>Ou\u00e7a as nossas devocionais pelo <a href=\"https:\/\/open.spotify.com\/show\/7CG8DL9dgWZEgPzX3rnk51?si=1dbGejI2TQS16eamNjb2rA\">Spotify<\/a>!<\/p>\n<p><iframe loading=\"lazy\" style=\"border-radius: 12px;\" src=\"https:\/\/open.spotify.com\/embed\/show\/7CG8DL9dgWZEgPzX3rnk51?utm_source=generator&amp;theme=0\" width=\"100%\" height=\"152\" frameborder=\"0\" allowfullscreen=\"allowfullscreen\"><\/iframe>&nbsp;<\/p>\n","protected":false},"excerpt":{"rendered":"<p>O reino de Deus n\u00e3o vem de modo vis\u00edvel, nem se dir\u00e1:&nbsp;\u201cAqui est\u00e1 ele\u201d, ou \u201cL\u00e1 est\u00e1\u201d; porque o reino de Deus est\u00e1 entre voc\u00eas. &nbsp;Lucas 17.20-21, NVI&nbsp; N\u00e3o h\u00e1 d\u00favida de que, um dia, ap\u00f3s o toque da s\u00e9tima trombeta, o reino do mundo se tornar\u00e1 meu e eu reinarei para todo o sempre [&hellip;]<\/p>\n","protected":false},"author":21,"featured_media":10978,"comment_status":"open","ping_status":"open","sticky":false,"template":"","format":"standard","meta":{"ngg_post_thumbnail":0,"footnotes":""},"categories":[5478],"tags":[],"class_list":["post-12851","post","type-post","status-publish","format-standard","has-post-thumbnail","hentry","category-elben-cesar"],"publishpress_future_action":{"enabled":true,"date":"2026-05-29 12:59:00","action":"delete","newStatus":"draft","terms":[0],"taxonomy":"category","extraData":[]},"publishpress_future_workflow_manual_trigger":{"enabledWorkflows":[]},"_links":{"self":[{"href":"https:\/\/ultimato.com.br\/sites\/devocional-diaria\/wp-json\/wp\/v2\/posts\/12851","targetHints":{"allow":["GET"]}}],"collection":[{"href":"https:\/\/ultimato.com.br\/sites\/devocional-diaria\/wp-json\/wp\/v2\/posts"}],"about":[{"href":"https:\/\/ultimato.com.br\/sites\/devocional-diaria\/wp-json\/wp\/v2\/types\/post"}],"author":[{"embeddable":true,"href":"https:\/\/ultimato.com.br\/sites\/devocional-diaria\/wp-json\/wp\/v2\/users\/21"}],"replies":[{"embeddable":true,"href":"https:\/\/ultimato.com.br\/sites\/devocional-diaria\/wp-json\/wp\/v2\/comments?post=12851"}],"version-history":[{"count":1,"href":"https:\/\/ultimato.com.br\/sites\/devocional-diaria\/wp-json\/wp\/v2\/posts\/12851\/revisions"}],"predecessor-version":[{"id":12852,"href":"https:\/\/ultimato.com.br\/sites\/devocional-diaria\/wp-json\/wp\/v2\/posts\/12851\/revisions\/12852"}],"wp:featuredmedia":[{"embeddable":true,"href":"https:\/\/ultimato.com.br\/sites\/devocional-diaria\/wp-json\/wp\/v2\/media\/10978"}],"wp:attachment":[{"href":"https:\/\/ultimato.com.br\/sites\/devocional-diaria\/wp-json\/wp\/v2\/media?parent=12851"}],"wp:term":[{"taxonomy":"category","embeddable":true,"href":"https:\/\/ultimato.com.br\/sites\/devocional-diaria\/wp-json\/wp\/v2\/categories?post=12851"},{"taxonomy":"post_tag","embeddable":true,"href":"https:\/\/ultimato.com.br\/sites\/devocional-diaria\/wp-json\/wp\/v2\/tags?post=12851"}],"curies":[{"name":"wp","href":"https:\/\/api.w.org\/{rel}","templated":true}]}}