{"id":12849,"date":"2026-04-28T00:00:46","date_gmt":"2026-04-28T03:00:46","guid":{"rendered":"https:\/\/ultimato.com.br\/sites\/devocional-diaria\/?p=12849"},"modified":"2026-04-22T19:14:58","modified_gmt":"2026-04-22T22:14:58","slug":"a-paz-de-deus","status":"publish","type":"post","link":"https:\/\/ultimato.com.br\/sites\/devocional-diaria\/2026\/04\/28\/autor\/j-i-packer\/a-paz-de-deus\/","title":{"rendered":"A paz de Deus"},"content":{"rendered":"<p>Neste mundo voc\u00eas ter\u00e3o afli\u00e7\u00f5es; contudo, tenham \u00e2nimo! Eu venci o mundo.\u2013 Jo\u00e3o 16.33<\/p>\n<p>O que o evangelho de Deus tem a nos oferecer? Se dissermos: \u201ca paz de Deus\u201d, ningu\u00e9m poderia se opor. Mas ser\u00e1 que todos entenderiam?<\/p>\n<p>Muitas vezes, a paz de Deus \u00e9 considerada como se fosse essencialmente um sentimento de tranquilidade interior, felicidade e despreocupa\u00e7\u00e3o, que brota da certeza de que Deus vai nos proteger dos golpes mais duros da vida. Mas este \u00e9 um erro de interpreta\u00e7\u00e3o. Por um lado, Deus n\u00e3o promete mimar seus filhos deste modo (e qualquer um que pensar assim, vai se decepcionar). Por outro lado, o que \u00e9 b\u00e1sico e essencial \u00e0 verdadeira paz de Deus n\u00e3o condiz absolutamente com este conceito.<\/p>\n<p>A verdade \u00e9 que a paz de Deus nos conduz a duas coisas: (1) poder para enfrentar e viver com nossas pr\u00f3prias defi\u00adci\u00eancias e fracassos e (2) contentamento mesmo sob \u201cpedra\u00addas e flechadas da m\u00e1 ventura\u201d. A paz de Deus \u00e9, primeiro e antes de tudo, paz com Deus. \u00c9 uma situa\u00e7\u00e3o em que Deus, em vez de ser contra n\u00f3s, \u00e9 por n\u00f3s. A paz de Deus \u00e9 perd\u00e3o e aceita\u00e7\u00e3o na alian\u00e7a \u2013 isto \u00e9, ado\u00e7\u00e3o na fam\u00edlia de Deus.&nbsp;<\/p>\n<blockquote><p>Para escrever: Escreva uma resposta ao tipo de paz que Deus oferece (e n\u00e3o oferece).<strong>&nbsp;<\/strong><\/p><\/blockquote>\n<p><strong>&nbsp;<\/strong><\/p>\n<p><strong>&gt;&gt; Retirado de&nbsp;<\/strong><a href=\"https:\/\/loja.ultimato.com.br\/livros\/conhecendo-a-deus-ao-longo-do-ano\"><strong><em>Conhecendo a Deus ao Longo do Ano<\/em><\/strong><\/a><strong> [J. I. P<\/strong><strong>acker]<\/strong><strong>. Editora Ultimato.<\/strong><\/p>\n<p>Ou\u00e7a as nossas devocionais pelo <a href=\"https:\/\/open.spotify.com\/show\/7CG8DL9dgWZEgPzX3rnk51?si=1dbGejI2TQS16eamNjb2rA\">Spotify<\/a>!<\/p>\n<p><iframe loading=\"lazy\" style=\"border-radius: 12px;\" src=\"https:\/\/open.spotify.com\/embed\/show\/7CG8DL9dgWZEgPzX3rnk51?utm_source=generator&amp;theme=0\" width=\"100%\" height=\"152\" frameborder=\"0\" allowfullscreen=\"allowfullscreen\"><\/iframe>&nbsp;<\/p>\n","protected":false},"excerpt":{"rendered":"<p>Neste mundo voc\u00eas ter\u00e3o afli\u00e7\u00f5es; contudo, tenham \u00e2nimo! Eu venci o mundo.\u2013 Jo\u00e3o 16.33 O que o evangelho de Deus tem a nos oferecer? Se dissermos: \u201ca paz de Deus\u201d, ningu\u00e9m poderia se opor. Mas ser\u00e1 que todos entenderiam? Muitas vezes, a paz de Deus \u00e9 considerada como se fosse essencialmente um sentimento de tranquilidade [&hellip;]<\/p>\n","protected":false},"author":21,"featured_media":10979,"comment_status":"open","ping_status":"open","sticky":false,"template":"","format":"standard","meta":{"ngg_post_thumbnail":0,"footnotes":""},"categories":[5655],"tags":[],"class_list":["post-12849","post","type-post","status-publish","format-standard","has-post-thumbnail","hentry","category-j-i-packer"],"publishpress_future_action":{"enabled":true,"date":"2026-05-28 12:59:00","action":"delete","newStatus":"draft","terms":[0],"taxonomy":"category","extraData":[]},"publishpress_future_workflow_manual_trigger":{"enabledWorkflows":[]},"_links":{"self":[{"href":"https:\/\/ultimato.com.br\/sites\/devocional-diaria\/wp-json\/wp\/v2\/posts\/12849","targetHints":{"allow":["GET"]}}],"collection":[{"href":"https:\/\/ultimato.com.br\/sites\/devocional-diaria\/wp-json\/wp\/v2\/posts"}],"about":[{"href":"https:\/\/ultimato.com.br\/sites\/devocional-diaria\/wp-json\/wp\/v2\/types\/post"}],"author":[{"embeddable":true,"href":"https:\/\/ultimato.com.br\/sites\/devocional-diaria\/wp-json\/wp\/v2\/users\/21"}],"replies":[{"embeddable":true,"href":"https:\/\/ultimato.com.br\/sites\/devocional-diaria\/wp-json\/wp\/v2\/comments?post=12849"}],"version-history":[{"count":1,"href":"https:\/\/ultimato.com.br\/sites\/devocional-diaria\/wp-json\/wp\/v2\/posts\/12849\/revisions"}],"predecessor-version":[{"id":12850,"href":"https:\/\/ultimato.com.br\/sites\/devocional-diaria\/wp-json\/wp\/v2\/posts\/12849\/revisions\/12850"}],"wp:featuredmedia":[{"embeddable":true,"href":"https:\/\/ultimato.com.br\/sites\/devocional-diaria\/wp-json\/wp\/v2\/media\/10979"}],"wp:attachment":[{"href":"https:\/\/ultimato.com.br\/sites\/devocional-diaria\/wp-json\/wp\/v2\/media?parent=12849"}],"wp:term":[{"taxonomy":"category","embeddable":true,"href":"https:\/\/ultimato.com.br\/sites\/devocional-diaria\/wp-json\/wp\/v2\/categories?post=12849"},{"taxonomy":"post_tag","embeddable":true,"href":"https:\/\/ultimato.com.br\/sites\/devocional-diaria\/wp-json\/wp\/v2\/tags?post=12849"}],"curies":[{"name":"wp","href":"https:\/\/api.w.org\/{rel}","templated":true}]}}