{"id":12847,"date":"2026-04-27T00:00:48","date_gmt":"2026-04-27T03:00:48","guid":{"rendered":"https:\/\/ultimato.com.br\/sites\/devocional-diaria\/?p=12847"},"modified":"2026-04-22T19:13:22","modified_gmt":"2026-04-22T22:13:22","slug":"o-dono-da-casa-3","status":"publish","type":"post","link":"https:\/\/ultimato.com.br\/sites\/devocional-diaria\/2026\/04\/27\/autor\/elben-cesar\/o-dono-da-casa-3\/","title":{"rendered":"O dono da casa"},"content":{"rendered":"<p>Se tudo que temos de Cristo serve apenas para alguns poucos anos de&nbsp;vida, coitados de n\u00f3s. (1Co 15.19)&nbsp;<\/p>\n<p>A nossa esperan\u00e7a em Cristo tem de incluir escatologia, os fatos previstos&nbsp;para tempos ou \u00e9pocas que ainda n\u00e3o chegaram. H\u00e1 muita gente que perdeu&nbsp;o entusiasmo, que n\u00e3o entende mais nada, que est\u00e1 prestes a naufragar na f\u00e9&nbsp;simplesmente porque se negou a tomar conhecimento das coisas que devem&nbsp;acontecer. O enredo s\u00f3 se completa com os \u00faltimos cap\u00edtulos. A escultura&nbsp;s\u00f3 tem valor com os retoques finais.&nbsp;<\/p>\n<p>Perdeu-se a no\u00e7\u00e3o de que \u201cao Senhor pertence a terra e tudo o que nela&nbsp;se cont\u00e9m, o mundo e os que nele habitam\u201d (Sl 24.1). Em consequ\u00eancia,&nbsp;tem-se a impress\u00e3o de que isto aqui \u00e9 terra de ningu\u00e9m. Esqueceu-se gradativamente&nbsp;de que o homem \u00e9 mordomo e Deus \u00e9 propriet\u00e1rio. N\u00e3o se cr\u00ea no&nbsp;direito de posse, numa autoridade superior, na possibilidade e necessidade&nbsp;de uma interven\u00e7\u00e3o da parte do dono da casa ou dono da vinha, express\u00f5es&nbsp;b\u00edblicas que se referem a Jesus Cristo (Mc 12.9; 13.35).&nbsp;<\/p>\n<p>\u00c9 da vontade de Deus que os crist\u00e3os guardem \u201ca bendita esperan\u00e7a e a&nbsp;manifesta\u00e7\u00e3o da gl\u00f3ria do nosso grande Deus e Salvador Jesus Cristo\u201d (Tt 1.13).&nbsp;A promessa \u00e9 que \u201cCristo, tendo-se oferecido uma vez para sempre para&nbsp;tirar os pecados de muitos, aparecer\u00e1 segunda vez, sem pecado, aos que o&nbsp;aguardam para salva\u00e7\u00e3o\u201d (Hb 9.28). Afinal, ele \u00e9 o dono da casa e a casa est\u00e1&nbsp;em tal balb\u00fardia que exige sua presen\u00e7a. \u201cVigiai, pois, porque n\u00e3o sabeis&nbsp;quando vir\u00e1 o dono da casa: se \u00e0 tarde, se \u00e0 meia-noite, se ao cantar do galo,&nbsp;se pela manh\u00e3\u201d (Mc 12.35).<strong>&nbsp;<\/strong><\/p>\n<p><strong>&nbsp;<\/strong><\/p>\n<p><strong>&gt;&gt; Retirado de&nbsp;<\/strong><a href=\"https:\/\/loja.ultimato.com.br\/livros\/cuide-das-raizes-espere-pelos-frutos\"><strong><em>Cuide das Ra\u00edzes, Espere pelos Frutos<\/em><\/strong><strong>,<\/strong><\/a><strong> [Elben C\u00e9sar]. <\/strong><strong>Editora Ultimato.<\/strong><\/p>\n<p>Ou\u00e7a e compartilhe nossas devocionais pelo <a href=\"https:\/\/open.spotify.com\/show\/7CG8DL9dgWZEgPzX3rnk51?si=1dbGejI2TQS16eamNjb2rA\">Spotify<\/a>!<\/p>\n<p><iframe loading=\"lazy\" style=\"border-radius: 12px;\" src=\"https:\/\/open.spotify.com\/embed\/show\/7CG8DL9dgWZEgPzX3rnk51?utm_source=generator&amp;theme=0\" width=\"100%\" height=\"152\" frameborder=\"0\" allowfullscreen=\"allowfullscreen\"><\/iframe>&nbsp;<\/p>\n","protected":false},"excerpt":{"rendered":"<p>Se tudo que temos de Cristo serve apenas para alguns poucos anos de&nbsp;vida, coitados de n\u00f3s. (1Co 15.19)&nbsp; A nossa esperan\u00e7a em Cristo tem de incluir escatologia, os fatos previstos&nbsp;para tempos ou \u00e9pocas que ainda n\u00e3o chegaram. H\u00e1 muita gente que perdeu&nbsp;o entusiasmo, que n\u00e3o entende mais nada, que est\u00e1 prestes a naufragar na f\u00e9&nbsp;simplesmente [&hellip;]<\/p>\n","protected":false},"author":21,"featured_media":10976,"comment_status":"open","ping_status":"open","sticky":false,"template":"","format":"standard","meta":{"ngg_post_thumbnail":0,"footnotes":""},"categories":[5478],"tags":[],"class_list":["post-12847","post","type-post","status-publish","format-standard","has-post-thumbnail","hentry","category-elben-cesar"],"publishpress_future_action":{"enabled":true,"date":"2026-05-27 12:59:00","action":"delete","newStatus":"draft","terms":[0],"taxonomy":"category","extraData":[]},"publishpress_future_workflow_manual_trigger":{"enabledWorkflows":[]},"_links":{"self":[{"href":"https:\/\/ultimato.com.br\/sites\/devocional-diaria\/wp-json\/wp\/v2\/posts\/12847","targetHints":{"allow":["GET"]}}],"collection":[{"href":"https:\/\/ultimato.com.br\/sites\/devocional-diaria\/wp-json\/wp\/v2\/posts"}],"about":[{"href":"https:\/\/ultimato.com.br\/sites\/devocional-diaria\/wp-json\/wp\/v2\/types\/post"}],"author":[{"embeddable":true,"href":"https:\/\/ultimato.com.br\/sites\/devocional-diaria\/wp-json\/wp\/v2\/users\/21"}],"replies":[{"embeddable":true,"href":"https:\/\/ultimato.com.br\/sites\/devocional-diaria\/wp-json\/wp\/v2\/comments?post=12847"}],"version-history":[{"count":1,"href":"https:\/\/ultimato.com.br\/sites\/devocional-diaria\/wp-json\/wp\/v2\/posts\/12847\/revisions"}],"predecessor-version":[{"id":12848,"href":"https:\/\/ultimato.com.br\/sites\/devocional-diaria\/wp-json\/wp\/v2\/posts\/12847\/revisions\/12848"}],"wp:featuredmedia":[{"embeddable":true,"href":"https:\/\/ultimato.com.br\/sites\/devocional-diaria\/wp-json\/wp\/v2\/media\/10976"}],"wp:attachment":[{"href":"https:\/\/ultimato.com.br\/sites\/devocional-diaria\/wp-json\/wp\/v2\/media?parent=12847"}],"wp:term":[{"taxonomy":"category","embeddable":true,"href":"https:\/\/ultimato.com.br\/sites\/devocional-diaria\/wp-json\/wp\/v2\/categories?post=12847"},{"taxonomy":"post_tag","embeddable":true,"href":"https:\/\/ultimato.com.br\/sites\/devocional-diaria\/wp-json\/wp\/v2\/tags?post=12847"}],"curies":[{"name":"wp","href":"https:\/\/api.w.org\/{rel}","templated":true}]}}