{"id":12808,"date":"2026-04-05T00:00:38","date_gmt":"2026-04-05T03:00:38","guid":{"rendered":"https:\/\/ultimato.com.br\/sites\/devocional-diaria\/?p=12808"},"modified":"2026-03-27T15:30:14","modified_gmt":"2026-03-27T18:30:14","slug":"esperanca-em-meio-a-incertezas-2","status":"publish","type":"post","link":"https:\/\/ultimato.com.br\/sites\/devocional-diaria\/2026\/04\/05\/autor\/j-i-packer\/esperanca-em-meio-a-incertezas-2\/","title":{"rendered":"Esperan\u00e7a em meio a incertezas"},"content":{"rendered":"<p>A f\u00e9 \u00e9 a certeza daquilo que esperamos e a prova das coisas que n\u00e3o vemos. (Hebreus 11.1)<\/p>\n<p>A verdadeira esperan\u00e7a est\u00e1 arraigada em Deus.<\/p>\n<p>Anos atr\u00e1s, a esposa de um homem que conheci quando era estudante publicou um testemunho sobre o dia em que seu marido perdeu o emprego: \u201cEu nunca vou esquecer o rosto do Francisco quando ele entrou em casa aquela noite&#8230; Estava muito triste e totalmente derrotado&#8230; Ele estava disposto a fazer qualquer trabalho&#8230; mas ningu\u00e9m lhe dava emprego. Doeu-me ver um homem normalmente t\u00e3o cheio de vigor, agora desanimado olhando para o vazio\u201d.<\/p>\n<p>Mais tarde, ela falou com um grupo de amigos: \u201cEnquanto est\u00e1vamos orando, ele sentiu que alguma coisa mudou em seu cora\u00e7\u00e3o. A esperan\u00e7a havia brotado dentro dele e com ela algumas decis\u00f5es, ideias, a\u00e7\u00e3o&#8230; Eu n\u00e3o sei por que o Francisco perdeu o emprego. Tamb\u00e9m n\u00e3o sei por que ele est\u00e1 indo bem agora. Mas eu sei que posso confiar em Deus&#8230; E, depois da f\u00e9 e do amor, a esperan\u00e7a \u00e9 um dos dons mais preciosos que Deus concede aos seres humanos\u201d.<\/p>\n<p>&nbsp;<\/p>\n<p><strong>&gt;&gt; Retirado de&nbsp;<\/strong><a href=\"https:\/\/loja.ultimato.com.br\/livros\/conhecendo-a-deus-ao-longo-do-ano\"><strong><em>Conhecendo a Deus ao Longo do Ano<\/em><\/strong><\/a><strong> [J. I. P<\/strong><strong>acker]<\/strong><strong>. Editora Ultimato.<\/strong><\/p>\n<p>Ou\u00e7a as nossas devocionais pelo <a href=\"https:\/\/open.spotify.com\/show\/7CG8DL9dgWZEgPzX3rnk51?si=1dbGejI2TQS16eamNjb2rA\">Spotify<\/a>!<\/p>\n","protected":false},"excerpt":{"rendered":"<p>A f\u00e9 \u00e9 a certeza daquilo que esperamos e a prova das coisas que n\u00e3o vemos. (Hebreus 11.1) A verdadeira esperan\u00e7a est\u00e1 arraigada em Deus. Anos atr\u00e1s, a esposa de um homem que conheci quando era estudante publicou um testemunho sobre o dia em que seu marido perdeu o emprego: \u201cEu nunca vou esquecer o [&hellip;]<\/p>\n","protected":false},"author":21,"featured_media":10974,"comment_status":"open","ping_status":"open","sticky":false,"template":"","format":"standard","meta":{"ngg_post_thumbnail":0,"footnotes":""},"categories":[5655],"tags":[],"class_list":["post-12808","post","type-post","status-publish","format-standard","has-post-thumbnail","hentry","category-j-i-packer"],"publishpress_future_action":{"enabled":true,"date":"2026-05-05 12:59:00","action":"delete","newStatus":"draft","terms":[0],"taxonomy":"category","extraData":[]},"publishpress_future_workflow_manual_trigger":{"enabledWorkflows":[]},"_links":{"self":[{"href":"https:\/\/ultimato.com.br\/sites\/devocional-diaria\/wp-json\/wp\/v2\/posts\/12808","targetHints":{"allow":["GET"]}}],"collection":[{"href":"https:\/\/ultimato.com.br\/sites\/devocional-diaria\/wp-json\/wp\/v2\/posts"}],"about":[{"href":"https:\/\/ultimato.com.br\/sites\/devocional-diaria\/wp-json\/wp\/v2\/types\/post"}],"author":[{"embeddable":true,"href":"https:\/\/ultimato.com.br\/sites\/devocional-diaria\/wp-json\/wp\/v2\/users\/21"}],"replies":[{"embeddable":true,"href":"https:\/\/ultimato.com.br\/sites\/devocional-diaria\/wp-json\/wp\/v2\/comments?post=12808"}],"version-history":[{"count":1,"href":"https:\/\/ultimato.com.br\/sites\/devocional-diaria\/wp-json\/wp\/v2\/posts\/12808\/revisions"}],"predecessor-version":[{"id":12809,"href":"https:\/\/ultimato.com.br\/sites\/devocional-diaria\/wp-json\/wp\/v2\/posts\/12808\/revisions\/12809"}],"wp:featuredmedia":[{"embeddable":true,"href":"https:\/\/ultimato.com.br\/sites\/devocional-diaria\/wp-json\/wp\/v2\/media\/10974"}],"wp:attachment":[{"href":"https:\/\/ultimato.com.br\/sites\/devocional-diaria\/wp-json\/wp\/v2\/media?parent=12808"}],"wp:term":[{"taxonomy":"category","embeddable":true,"href":"https:\/\/ultimato.com.br\/sites\/devocional-diaria\/wp-json\/wp\/v2\/categories?post=12808"},{"taxonomy":"post_tag","embeddable":true,"href":"https:\/\/ultimato.com.br\/sites\/devocional-diaria\/wp-json\/wp\/v2\/tags?post=12808"}],"curies":[{"name":"wp","href":"https:\/\/api.w.org\/{rel}","templated":true}]}}