{"id":12801,"date":"2026-04-03T00:00:03","date_gmt":"2026-04-03T03:00:03","guid":{"rendered":"https:\/\/ultimato.com.br\/sites\/devocional-diaria\/?p=12801"},"modified":"2026-03-27T13:23:45","modified_gmt":"2026-03-27T16:23:45","slug":"convencidos-pelo-desconhecido-jesus-2","status":"publish","type":"post","link":"https:\/\/ultimato.com.br\/sites\/devocional-diaria\/2026\/04\/03\/autor\/ariane-gomes\/convencidos-pelo-desconhecido-jesus-2\/","title":{"rendered":"Convencidos pelo \u201cdesconhecido\u201d Jesus"},"content":{"rendered":"<p>Fica conosco, porque \u00e9 tarde, e o dia j\u00e1 declina. E [Jesus] entrou para ficar com eles. (Lucas 24.29)<\/p>\n<p>Que dia deve ter sido aquele domingo em que Jesus ressuscitou! No cora\u00e7\u00e3o dos disc\u00edpulos, um misto de tristeza pela perda do amigo e mestre e de incerteza quanto ao futuro deve t\u00ea-los deixado confusos.<\/p>\n<p>Dois deles, tamb\u00e9m chamados disc\u00edpulos, mas n\u00e3o da turma dos onze, voltavam \u00e0 tardinha para casa, em Ema\u00fas. No caminho conversavam sobre os acontecimentos dos \u00faltimos dias. Deviam estar impressionados com a trai\u00e7\u00e3o de Judas, o alvoro\u00e7o da pris\u00e3o, a maldade dos a\u00e7oites, as inconsist\u00eancias da condena\u00e7\u00e3o, a dor da morte e o mist\u00e9rio da ressurrei\u00e7\u00e3o. Quanta coisa tinha enfrentado o seu Senhor!<\/p>\n<p>No meio do caminho, os dois s\u00e3o interrompidos por um desconhecido, que parece ser o \u00fanico que, estando em Jerusal\u00e9m, ignora os acontecimentos daqueles dias e a quem, entristecidos, contam a hist\u00f3ria de Jesus \u2013 o \u201cvar\u00e3o profeta, poderoso em obras e palavras, diante de Deus e do povo\u201d (Lc 24.19) \u2013 e falam da esperan\u00e7a frustrada: \u201cN\u00f3s esper\u00e1vamos que fosse ele quem havia de redimir a Israel\u201d (Lc 24.21).<\/p>\n<p>O desconhecido, por sua vez, rebate as palavras de tristeza, fazendo-os lembrar tudo o que dizia respeito a Cristo, desde Mois\u00e9s at\u00e9 a sua entrada na gl\u00f3ria, como diziam as Escrituras.<\/p>\n<p>Os dois parecem gostar da conversa. As palavras do desconhecido aquecem o seu cora\u00e7\u00e3o e, como o dia j\u00e1 declina, constrangem-no a ficar em sua casa. \u00c0 mesa, o convidado toma a frente, aben\u00e7oa, reparte e d\u00e1 o p\u00e3o e os disc\u00edpulos, finalmente, reconhecem Jesus, que, num instante, desaparece de sua presen\u00e7a.<\/p>\n<p>Da conversa ao gesto inconfund\u00edvel do mestre, uma longa caminhada. Dos olhos fechados aos olhos abertos dos disc\u00edpulos, a revela\u00e7\u00e3o da hist\u00f3ria, do poder, da autoridade e da presen\u00e7a de Jesus. Ele \u00e9 o Senhor e eles n\u00e3o est\u00e3o s\u00f3s.<\/p>\n<blockquote><p>\u00d3 Deus, abre os nossos olhos e permite-nos reconhecer o Senhor na hist\u00f3ria, por meio das Escrituras, e no gesto, ao partirmos o p\u00e3o.<\/p>\n<p>&nbsp;<\/p><\/blockquote>\n<p><strong>&gt;&gt; Retirado de&nbsp;<\/strong><a href=\"https:\/\/loja.ultimato.com.br\/livros\/refeicoes-diarias-celebrando-a-reconciliacao\"><strong><em>Refei\u00e7\u00f5es Di\u00e1rias \u2013 Celebrando a Reconcilia\u00e7\u00e3o<\/em><\/strong><\/a><strong>. <\/strong><strong>Editora Ultimato.<\/strong><\/p>\n<p>Ou\u00e7a e compartilhe nossas devocionais pelo <a href=\"https:\/\/open.spotify.com\/show\/7CG8DL9dgWZEgPzX3rnk51?si=1dbGejI2TQS16eamNjb2rA\">Spotify<\/a>!<\/p>\n<p><iframe loading=\"lazy\" style=\"border-radius: 12px;\" src=\"https:\/\/open.spotify.com\/embed\/show\/7CG8DL9dgWZEgPzX3rnk51?utm_source=generator&amp;theme=0\" width=\"100%\" height=\"152\" frameborder=\"0\" allowfullscreen=\"allowfullscreen\"><\/iframe>&nbsp;<\/p>\n","protected":false},"excerpt":{"rendered":"<p>Fica conosco, porque \u00e9 tarde, e o dia j\u00e1 declina. E [Jesus] entrou para ficar com eles. (Lucas 24.29) Que dia deve ter sido aquele domingo em que Jesus ressuscitou! No cora\u00e7\u00e3o dos disc\u00edpulos, um misto de tristeza pela perda do amigo e mestre e de incerteza quanto ao futuro deve t\u00ea-los deixado confusos. Dois [&hellip;]<\/p>\n","protected":false},"author":21,"featured_media":10973,"comment_status":"open","ping_status":"open","sticky":false,"template":"","format":"standard","meta":{"ngg_post_thumbnail":0,"footnotes":""},"categories":[19665],"tags":[],"class_list":["post-12801","post","type-post","status-publish","format-standard","has-post-thumbnail","hentry","category-ariane-gomes"],"publishpress_future_action":{"enabled":true,"date":"2026-05-03 12:59:00","action":"delete","newStatus":"draft","terms":[0],"taxonomy":"category","extraData":[]},"publishpress_future_workflow_manual_trigger":{"enabledWorkflows":[]},"_links":{"self":[{"href":"https:\/\/ultimato.com.br\/sites\/devocional-diaria\/wp-json\/wp\/v2\/posts\/12801","targetHints":{"allow":["GET"]}}],"collection":[{"href":"https:\/\/ultimato.com.br\/sites\/devocional-diaria\/wp-json\/wp\/v2\/posts"}],"about":[{"href":"https:\/\/ultimato.com.br\/sites\/devocional-diaria\/wp-json\/wp\/v2\/types\/post"}],"author":[{"embeddable":true,"href":"https:\/\/ultimato.com.br\/sites\/devocional-diaria\/wp-json\/wp\/v2\/users\/21"}],"replies":[{"embeddable":true,"href":"https:\/\/ultimato.com.br\/sites\/devocional-diaria\/wp-json\/wp\/v2\/comments?post=12801"}],"version-history":[{"count":1,"href":"https:\/\/ultimato.com.br\/sites\/devocional-diaria\/wp-json\/wp\/v2\/posts\/12801\/revisions"}],"predecessor-version":[{"id":12802,"href":"https:\/\/ultimato.com.br\/sites\/devocional-diaria\/wp-json\/wp\/v2\/posts\/12801\/revisions\/12802"}],"wp:featuredmedia":[{"embeddable":true,"href":"https:\/\/ultimato.com.br\/sites\/devocional-diaria\/wp-json\/wp\/v2\/media\/10973"}],"wp:attachment":[{"href":"https:\/\/ultimato.com.br\/sites\/devocional-diaria\/wp-json\/wp\/v2\/media?parent=12801"}],"wp:term":[{"taxonomy":"category","embeddable":true,"href":"https:\/\/ultimato.com.br\/sites\/devocional-diaria\/wp-json\/wp\/v2\/categories?post=12801"},{"taxonomy":"post_tag","embeddable":true,"href":"https:\/\/ultimato.com.br\/sites\/devocional-diaria\/wp-json\/wp\/v2\/tags?post=12801"}],"curies":[{"name":"wp","href":"https:\/\/api.w.org\/{rel}","templated":true}]}}