{"id":12798,"date":"2026-04-02T00:00:01","date_gmt":"2026-04-02T03:00:01","guid":{"rendered":"https:\/\/ultimato.com.br\/sites\/devocional-diaria\/?p=12798"},"modified":"2026-03-27T13:21:00","modified_gmt":"2026-03-27T16:21:00","slug":"a-cruz-e-o-nosso-pecado","status":"publish","type":"post","link":"https:\/\/ultimato.com.br\/sites\/devocional-diaria\/2026\/04\/02\/autor\/ricardo-barbosa-de-sousa\/a-cruz-e-o-nosso-pecado\/","title":{"rendered":"A cruz e o nosso pecado"},"content":{"rendered":"<p>Esteja absolutamente certa, pois, toda a casa de Israel de que a este Jesus, que v\u00f3s crucificastes, Deus o fez Senhor e Cristo. (Atos 2.36)<\/p>\n<p>A acusa\u00e7\u00e3o de Pedro nesse discurso \u00e9, sem d\u00favida, muito dura e abrangente. Ele acusa toda a casa de Israel da responsabilidade pela crucifica\u00e7\u00e3o de Cristo. A multid\u00e3o em Jerusal\u00e9m no dia de Pentecostes certamente n\u00e3o era a mesma multid\u00e3o que l\u00e1 estivera para a festa da P\u00e1scoa.<\/p>\n<p>No entanto, a multid\u00e3o de Pentecostes era t\u00e3o respons\u00e1vel pela cruz de Cristo quanto a multid\u00e3o da P\u00e1scoa. A culpa estava em todos n\u00f3s, gentios e judeus. A cruz exp\u00f4s diante de todos n\u00f3s aquilo que insistentemente negamos. Conspiramos contra Deus e contra o homem que ele criou \u00e0 sua imagem e semelhan\u00e7a. No entanto, a a\u00e7\u00e3o de Deus em Cristo sobre a cruz foi maior e mais poderosa que a a\u00e7\u00e3o daqueles que o colocaram nela. A trai\u00e7\u00e3o, o abandono, a injusti\u00e7a, a maldade, a mentira e a covardia que estiveram presentes na crucifica\u00e7\u00e3o fazem parte do nosso cotidiano, comp\u00f5em nossas vidas e rela\u00e7\u00f5es e nos fazem culpados como os judeus daquela p\u00e1scoa. Por\u00e9m, a cruz testemunha o triunfo do amor, da gra\u00e7a e do perd\u00e3o, e oferece a n\u00f3s, pecadores que somos, a d\u00e1diva da reconcilia\u00e7\u00e3o.<\/p>\n<p>Mesmo vivendo mais de 20 s\u00e9culos depois, voc\u00ea se sente respons\u00e1vel pela crucifica\u00e7\u00e3o de Cristo? Por qu\u00ea?<\/p>\n<p>\u201cDeus Todo-Poderoso, de cora\u00e7\u00e3o enternecido contemplamos o imenso sofrimento a que teu Filho unig\u00eanito se submeteu. \u00d3 Senhor, d\u00e1 que eu me arrependa verdadeiramente de meus pecados. Corrige-me, Senhor, pe\u00e7o-o de cora\u00e7\u00e3o. Tu, Senhor, venceste o mundo. Faze-me participar de tua vit\u00f3ria\u201d (Albrecht D\u00fcrer, 1471\u20131528).<\/p>\n<blockquote><p>Senhor, \u00e0s vezes tenho a sensa\u00e7\u00e3o de que sou melhor do que aqueles soldados e autoridades que t\u00e3o injustamente e impiedosamente te crucificaram. N\u00e3o acho que eu seja t\u00e3o ruim assim. Mas, quando olho para as maldades, muitas vezes secretas, do meu cora\u00e7\u00e3o, tenho de admitir que n\u00e3o sou diferente deles. Certamente, foi o meu pecado que te levou ao Calv\u00e1rio. Tem piedade de mim, Senhor. Am\u00e9m.<\/p><\/blockquote>\n<p>&nbsp;<\/p>\n<p><strong>&gt;&gt; Retirado de&nbsp;<\/strong><a href=\"https:\/\/loja.ultimato.com.br\/livros\/refeicoes-diarias-celebrando-a-reconciliacao\"><strong><em>Refei\u00e7\u00f5es Di\u00e1rias \u2013 Celebrando a Reconcilia\u00e7\u00e3o<\/em><\/strong><\/a><strong>. <\/strong><strong>Editora Ultimato.<\/strong><\/p>\n<p>Ou\u00e7a e compartilhe nossas devocionais pelo <a href=\"https:\/\/open.spotify.com\/show\/7CG8DL9dgWZEgPzX3rnk51?si=1dbGejI2TQS16eamNjb2rA\">Spotify<\/a>!<\/p>\n<p><iframe loading=\"lazy\" style=\"border-radius: 12px;\" src=\"https:\/\/open.spotify.com\/embed\/show\/7CG8DL9dgWZEgPzX3rnk51?utm_source=generator&amp;theme=0\" width=\"100%\" height=\"152\" frameborder=\"0\" allowfullscreen=\"allowfullscreen\"><\/iframe>&nbsp;<\/p>\n","protected":false},"excerpt":{"rendered":"<p>Esteja absolutamente certa, pois, toda a casa de Israel de que a este Jesus, que v\u00f3s crucificastes, Deus o fez Senhor e Cristo. (Atos 2.36) A acusa\u00e7\u00e3o de Pedro nesse discurso \u00e9, sem d\u00favida, muito dura e abrangente. Ele acusa toda a casa de Israel da responsabilidade pela crucifica\u00e7\u00e3o de Cristo. A multid\u00e3o em Jerusal\u00e9m [&hellip;]<\/p>\n","protected":false},"author":21,"featured_media":10977,"comment_status":"open","ping_status":"open","sticky":false,"template":"","format":"standard","meta":{"ngg_post_thumbnail":0,"footnotes":""},"categories":[17805],"tags":[],"class_list":["post-12798","post","type-post","status-publish","format-standard","has-post-thumbnail","hentry","category-ricardo-barbosa-de-sousa"],"publishpress_future_action":{"enabled":true,"date":"2026-05-02 12:59:00","action":"delete","newStatus":"draft","terms":[0],"taxonomy":"category","extraData":[]},"publishpress_future_workflow_manual_trigger":{"enabledWorkflows":[]},"_links":{"self":[{"href":"https:\/\/ultimato.com.br\/sites\/devocional-diaria\/wp-json\/wp\/v2\/posts\/12798","targetHints":{"allow":["GET"]}}],"collection":[{"href":"https:\/\/ultimato.com.br\/sites\/devocional-diaria\/wp-json\/wp\/v2\/posts"}],"about":[{"href":"https:\/\/ultimato.com.br\/sites\/devocional-diaria\/wp-json\/wp\/v2\/types\/post"}],"author":[{"embeddable":true,"href":"https:\/\/ultimato.com.br\/sites\/devocional-diaria\/wp-json\/wp\/v2\/users\/21"}],"replies":[{"embeddable":true,"href":"https:\/\/ultimato.com.br\/sites\/devocional-diaria\/wp-json\/wp\/v2\/comments?post=12798"}],"version-history":[{"count":2,"href":"https:\/\/ultimato.com.br\/sites\/devocional-diaria\/wp-json\/wp\/v2\/posts\/12798\/revisions"}],"predecessor-version":[{"id":12800,"href":"https:\/\/ultimato.com.br\/sites\/devocional-diaria\/wp-json\/wp\/v2\/posts\/12798\/revisions\/12800"}],"wp:featuredmedia":[{"embeddable":true,"href":"https:\/\/ultimato.com.br\/sites\/devocional-diaria\/wp-json\/wp\/v2\/media\/10977"}],"wp:attachment":[{"href":"https:\/\/ultimato.com.br\/sites\/devocional-diaria\/wp-json\/wp\/v2\/media?parent=12798"}],"wp:term":[{"taxonomy":"category","embeddable":true,"href":"https:\/\/ultimato.com.br\/sites\/devocional-diaria\/wp-json\/wp\/v2\/categories?post=12798"},{"taxonomy":"post_tag","embeddable":true,"href":"https:\/\/ultimato.com.br\/sites\/devocional-diaria\/wp-json\/wp\/v2\/tags?post=12798"}],"curies":[{"name":"wp","href":"https:\/\/api.w.org\/{rel}","templated":true}]}}