{"id":12796,"date":"2026-04-01T00:00:29","date_gmt":"2026-04-01T03:00:29","guid":{"rendered":"https:\/\/ultimato.com.br\/sites\/devocional-diaria\/?p=12796"},"modified":"2026-03-27T13:18:30","modified_gmt":"2026-03-27T16:18:30","slug":"o-aguilhao-da-morte-3","status":"publish","type":"post","link":"https:\/\/ultimato.com.br\/sites\/devocional-diaria\/2026\/04\/01\/autor\/martinho-lutero\/o-aguilhao-da-morte-3\/","title":{"rendered":"O aguilh\u00e3o da morte"},"content":{"rendered":"<p>O aguilh\u00e3o da morte \u00e9 o pecado, e a for\u00e7a do pecado \u00e9 a Lei. Mas gra\u00e7as a Deus, que nos d\u00e1 a vit\u00f3ria por meio de nosso Senhor Jesus Cristo. (1 Cor\u00edntios 15.56-57)<\/p>\n<p>Esta \u00e9 uma linda passagem para os crist\u00e3os. Ela nos mostra como, por meio da vit\u00f3ria de Jesus, n\u00f3s podemos nos livrar do aguilh\u00e3o da morte e do poder da lei, que aponta esse aguilh\u00e3o para n\u00f3s e nos mata. No final, o aguilh\u00e3o ser\u00e1 completamente removido de n\u00f3s. Paulo termina com uma adequada can\u00e7\u00e3o, que n\u00f3s tamb\u00e9m entoamos: \u201cMas gra\u00e7as a Deus, que nos d\u00e1 a vit\u00f3ria por meio de nosso Senhor Jesus Cristo\u201d. Com esta can\u00e7\u00e3o podemos celebrar a P\u00e1scoa continuamente, louvando a Deus por essa vit\u00f3ria. N\u00e3o fomos n\u00f3s que a conquistamos, pois ela \u00e9 grande e elevada demais. Contudo, essa vit\u00f3ria nos foi dada pela gra\u00e7a de Deus. Ele teve miseric\u00f3rdia da nossa mis\u00e9ria. Sabendo que ningu\u00e9m mais podia nos ajudar, ele enviou o seu Filho para a batalha. Cristo derrotou os inimigos \u2013 o pecado, a morte e o inferno \u2013, assegurou a vit\u00f3ria e a entregou para n\u00f3s, a fim de que pud\u00e9ssemos cham\u00e1-la de nossa, como se a tiv\u00e9ssemos conquistado.<\/p>\n<p>Agora n\u00f3s devemos lev\u00e1-la a s\u00e9rio e n\u00e3o viver em contradi\u00e7\u00e3o com Deus, como fazem aqueles que presumem conquistar o pecado e a morte por si mesmos. Al\u00e9m disso, n\u00e3o queremos ser encontrados ingratos, como crist\u00e3os ap\u00e1ticos frequentemente s\u00e3o; pelo contr\u00e1rio, precisamos, com uma f\u00e9 firme, guardar essa vit\u00f3ria em nosso cora\u00e7\u00e3o e nos fortalecer com ela. N\u00f3s devemos manter essa mensagem da vit\u00f3ria de Cristo em mente e cantar sobre ela ao viajarmos alegremente at\u00e9 o dia em que a veremos em nosso pr\u00f3prio corpo.<\/p>\n<p>&nbsp;<\/p>\n<p><strong>&gt;&gt; Retirado de&nbsp;<\/strong><a href=\"https:\/\/loja.ultimato.com.br\/livros\/somente-a-fe\"><strong><em>Somente a F\u00e9<\/em><\/strong><\/a><strong>&nbsp;<\/strong><strong>[Martinho Lutero]. <\/strong><strong>Editora Ultimato.<\/strong><\/p>\n<p>Ou\u00e7a as nossas devocionais pelo <a href=\"https:\/\/open.spotify.com\/show\/7CG8DL9dgWZEgPzX3rnk51?si=1dbGejI2TQS16eamNjb2rA\">Spotify<\/a>!<\/p>\n<p><iframe loading=\"lazy\" style=\"border-radius: 12px;\" src=\"https:\/\/open.spotify.com\/embed\/show\/7CG8DL9dgWZEgPzX3rnk51?utm_source=generator&amp;theme=0\" width=\"100%\" height=\"152\" frameborder=\"0\" allowfullscreen=\"allowfullscreen\"><\/iframe>&nbsp;<\/p>\n","protected":false},"excerpt":{"rendered":"<p>O aguilh\u00e3o da morte \u00e9 o pecado, e a for\u00e7a do pecado \u00e9 a Lei. Mas gra\u00e7as a Deus, que nos d\u00e1 a vit\u00f3ria por meio de nosso Senhor Jesus Cristo. (1 Cor\u00edntios 15.56-57) Esta \u00e9 uma linda passagem para os crist\u00e3os. Ela nos mostra como, por meio da vit\u00f3ria de Jesus, n\u00f3s podemos nos [&hellip;]<\/p>\n","protected":false},"author":21,"featured_media":10978,"comment_status":"open","ping_status":"open","sticky":false,"template":"","format":"standard","meta":{"ngg_post_thumbnail":0,"footnotes":""},"categories":[17806],"tags":[],"class_list":["post-12796","post","type-post","status-publish","format-standard","has-post-thumbnail","hentry","category-martinho-lutero"],"publishpress_future_action":{"enabled":true,"date":"2026-05-01 12:59:00","action":"delete","newStatus":"draft","terms":[0],"taxonomy":"category","extraData":[]},"publishpress_future_workflow_manual_trigger":{"enabledWorkflows":[]},"_links":{"self":[{"href":"https:\/\/ultimato.com.br\/sites\/devocional-diaria\/wp-json\/wp\/v2\/posts\/12796","targetHints":{"allow":["GET"]}}],"collection":[{"href":"https:\/\/ultimato.com.br\/sites\/devocional-diaria\/wp-json\/wp\/v2\/posts"}],"about":[{"href":"https:\/\/ultimato.com.br\/sites\/devocional-diaria\/wp-json\/wp\/v2\/types\/post"}],"author":[{"embeddable":true,"href":"https:\/\/ultimato.com.br\/sites\/devocional-diaria\/wp-json\/wp\/v2\/users\/21"}],"replies":[{"embeddable":true,"href":"https:\/\/ultimato.com.br\/sites\/devocional-diaria\/wp-json\/wp\/v2\/comments?post=12796"}],"version-history":[{"count":1,"href":"https:\/\/ultimato.com.br\/sites\/devocional-diaria\/wp-json\/wp\/v2\/posts\/12796\/revisions"}],"predecessor-version":[{"id":12797,"href":"https:\/\/ultimato.com.br\/sites\/devocional-diaria\/wp-json\/wp\/v2\/posts\/12796\/revisions\/12797"}],"wp:featuredmedia":[{"embeddable":true,"href":"https:\/\/ultimato.com.br\/sites\/devocional-diaria\/wp-json\/wp\/v2\/media\/10978"}],"wp:attachment":[{"href":"https:\/\/ultimato.com.br\/sites\/devocional-diaria\/wp-json\/wp\/v2\/media?parent=12796"}],"wp:term":[{"taxonomy":"category","embeddable":true,"href":"https:\/\/ultimato.com.br\/sites\/devocional-diaria\/wp-json\/wp\/v2\/categories?post=12796"},{"taxonomy":"post_tag","embeddable":true,"href":"https:\/\/ultimato.com.br\/sites\/devocional-diaria\/wp-json\/wp\/v2\/tags?post=12796"}],"curies":[{"name":"wp","href":"https:\/\/api.w.org\/{rel}","templated":true}]}}