{"id":12794,"date":"2026-03-31T00:00:03","date_gmt":"2026-03-31T03:00:03","guid":{"rendered":"https:\/\/ultimato.com.br\/sites\/devocional-diaria\/?p=12794"},"modified":"2026-03-27T13:16:38","modified_gmt":"2026-03-27T16:16:38","slug":"cordeiro-perfeito-2","status":"publish","type":"post","link":"https:\/\/ultimato.com.br\/sites\/devocional-diaria\/2026\/03\/31\/autor\/elben-cesar\/cordeiro-perfeito-2\/","title":{"rendered":"Cordeiro perfeito"},"content":{"rendered":"<p>E clamavam com uma grande voz: Salva\u00e7\u00e3o a nosso Deus que est\u00e1 sentado sobre o trono, e ao Cordeiro. (Ap 7.10)<\/p>\n<p>Logo no in\u00edcio do minist\u00e9rio de Jesus, Jo\u00e3o Batista viu o Senhor caminhando em dire\u00e7\u00e3o a ele e exclamou com entusiasmo: \u201cOlhem, a\u00ed est\u00e1 o Cordeiro de Deus, que tira o pecado do mundo!\u201d (Jo 1.29). \u00c9 a primeira vez que algu\u00e9m se refere a Jesus chamando-o de Cordeiro.<\/p>\n<p>Depois de Jo\u00e3o, o ap\u00f3stolo Paulo amplia a figura e ensina que Jesus \u00e9 \u201co nosso Cordeiro de P\u00e1scoa\u201d devidamente sacrificado (1Co 5.7). Mas no \u00faltimo livro da B\u00edblia, Jesus \u00e9 chamado de \u201co Cordeiro\u201d mais de trinta vezes (Ap 5.6; 6.1; 7.10; 8.1 etc.).<\/p>\n<p>Ao mencionar Jesus como o Cordeiro de Deus que tira o pecado do mundo, Jo\u00e3o Batista estava se referindo ao sacrif\u00edcio expiat\u00f3rio de Cristo e tamb\u00e9m \u00e0 impecaminosidade do Senhor. Todo o povo de Israel sabia de cor e salteado que o cordeiro do antigo sistema lev\u00edtico tinha de ser \u201csem nenhum defeito\u201d (Lv 22.21). O animal n\u00e3o poderia ser cego, aleijado nem mutilado, nem ter \u00falcera, sarna ou outras doen\u00e7as de pele (Lv 22.22). N\u00e3o deveria ser oferecido ao Senhor animal que tivesse \u201cos test\u00edculos machucados, esmagados, arrancados ou cortados\u201d (Lv 22.24). Esse cerimonial rigoroso e detalhado apontava para um Jesus \u201csanto, inocente, sem mancha\u201d, que n\u00e3o precisava, como os sumos sacerdotes da antiga alian\u00e7a, \u201coferecer sacrif\u00edcios a cada dia, primeiro por seus pr\u00f3prios pecados e depois pelos do povo\u201d (Hb 7.26-27).<\/p>\n<p>Jesus n\u00e3o cometeu pecado algum, mesmo tendo passado \u201cpor todo tipo de tenta\u00e7\u00e3o\u201d (Hb 4.15). Uma das pessoas mais pr\u00f3ximas a Jesus recorda que ele, \u201cquando insultado, n\u00e3o revidava; quando sofria, n\u00e3o fazia amea\u00e7as, mas entregava-se \u00e0quele que julga com justi\u00e7a\u201d (1Pe 2.22-23). Em Jesus voc\u00ea pode confiar.<\/p>\n<p>&nbsp;<\/p>\n<p><strong>&gt;&gt; Retirado de&nbsp;<\/strong><a href=\"https:\/\/loja.ultimato.com.br\/livros\/cuide-das-raizes-espere-pelos-frutos\"><strong><em>Cuide das Ra\u00edzes, Espere pelos Frutos<\/em><\/strong><strong>,<\/strong><\/a><strong> [Elben C\u00e9sar]. <\/strong><strong>Editora Ultimato.<\/strong><\/p>\n<p>Ou\u00e7a e compartilhe nossas devocionais pelo <a href=\"https:\/\/open.spotify.com\/show\/7CG8DL9dgWZEgPzX3rnk51?si=1dbGejI2TQS16eamNjb2rA\">Spotify<\/a>!<\/p>\n<p><iframe loading=\"lazy\" style=\"border-radius: 12px;\" src=\"https:\/\/open.spotify.com\/embed\/show\/7CG8DL9dgWZEgPzX3rnk51?utm_source=generator&amp;theme=0\" width=\"100%\" height=\"152\" frameborder=\"0\" allowfullscreen=\"allowfullscreen\"><\/iframe>&nbsp;<\/p>\n<p><strong>&nbsp;<\/strong><\/p>\n","protected":false},"excerpt":{"rendered":"<p>E clamavam com uma grande voz: Salva\u00e7\u00e3o a nosso Deus que est\u00e1 sentado sobre o trono, e ao Cordeiro. (Ap 7.10) Logo no in\u00edcio do minist\u00e9rio de Jesus, Jo\u00e3o Batista viu o Senhor caminhando em dire\u00e7\u00e3o a ele e exclamou com entusiasmo: \u201cOlhem, a\u00ed est\u00e1 o Cordeiro de Deus, que tira o pecado do mundo!\u201d [&hellip;]<\/p>\n","protected":false},"author":21,"featured_media":10979,"comment_status":"open","ping_status":"open","sticky":false,"template":"","format":"standard","meta":{"ngg_post_thumbnail":0,"footnotes":""},"categories":[5478],"tags":[],"class_list":["post-12794","post","type-post","status-publish","format-standard","has-post-thumbnail","hentry","category-elben-cesar"],"publishpress_future_action":{"enabled":true,"date":"2026-05-01 12:59:00","action":"delete","newStatus":"draft","terms":[0],"taxonomy":"category","extraData":[]},"publishpress_future_workflow_manual_trigger":{"enabledWorkflows":[]},"_links":{"self":[{"href":"https:\/\/ultimato.com.br\/sites\/devocional-diaria\/wp-json\/wp\/v2\/posts\/12794","targetHints":{"allow":["GET"]}}],"collection":[{"href":"https:\/\/ultimato.com.br\/sites\/devocional-diaria\/wp-json\/wp\/v2\/posts"}],"about":[{"href":"https:\/\/ultimato.com.br\/sites\/devocional-diaria\/wp-json\/wp\/v2\/types\/post"}],"author":[{"embeddable":true,"href":"https:\/\/ultimato.com.br\/sites\/devocional-diaria\/wp-json\/wp\/v2\/users\/21"}],"replies":[{"embeddable":true,"href":"https:\/\/ultimato.com.br\/sites\/devocional-diaria\/wp-json\/wp\/v2\/comments?post=12794"}],"version-history":[{"count":1,"href":"https:\/\/ultimato.com.br\/sites\/devocional-diaria\/wp-json\/wp\/v2\/posts\/12794\/revisions"}],"predecessor-version":[{"id":12795,"href":"https:\/\/ultimato.com.br\/sites\/devocional-diaria\/wp-json\/wp\/v2\/posts\/12794\/revisions\/12795"}],"wp:featuredmedia":[{"embeddable":true,"href":"https:\/\/ultimato.com.br\/sites\/devocional-diaria\/wp-json\/wp\/v2\/media\/10979"}],"wp:attachment":[{"href":"https:\/\/ultimato.com.br\/sites\/devocional-diaria\/wp-json\/wp\/v2\/media?parent=12794"}],"wp:term":[{"taxonomy":"category","embeddable":true,"href":"https:\/\/ultimato.com.br\/sites\/devocional-diaria\/wp-json\/wp\/v2\/categories?post=12794"},{"taxonomy":"post_tag","embeddable":true,"href":"https:\/\/ultimato.com.br\/sites\/devocional-diaria\/wp-json\/wp\/v2\/tags?post=12794"}],"curies":[{"name":"wp","href":"https:\/\/api.w.org\/{rel}","templated":true}]}}