{"id":12792,"date":"2026-03-30T00:00:24","date_gmt":"2026-03-30T03:00:24","guid":{"rendered":"https:\/\/ultimato.com.br\/sites\/devocional-diaria\/?p=12792"},"modified":"2026-03-27T13:14:58","modified_gmt":"2026-03-27T16:14:58","slug":"a-agonia-no-jardim-3","status":"publish","type":"post","link":"https:\/\/ultimato.com.br\/sites\/devocional-diaria\/2026\/03\/30\/autor\/j-i-packer\/a-agonia-no-jardim-3\/","title":{"rendered":"A agonia no jardim"},"content":{"rendered":"<p>N\u00f3s o consideramos castigado por Deus&#8230; o castigo que nos trouxe paz estava sobre ele&#8230; o Senhor fez cair sobre ele a iniquidade de todos n\u00f3s&#8230; o Senhor tenha feito da vida dele uma oferta pela culpa. (Isa\u00edas 53.4-6,10)&nbsp;<\/p>\n<p>Foi porque Jesus foi feito pecado e suportou o julgamento de Deus pelo pecado que ele ficou perturbado no jardim. E foi porque ele estava, de fato, suportando esse julgamento que ele se declarou abandonado por Deus na cruz. S\u00e9culos antes, Isa\u00edas havia dito com todas as letras: \u201cO Senhor fez cair sobre ele a iniquidade de todos n\u00f3s\u201d. Assim escreveu Anne Cousin (1824-1906):&nbsp;<\/p>\n<p>\u00d3 Cristo, que peso terr\u00edvel curvou tua fronte! &nbsp;<br \/>\nQue peso foi jogado sobre ti; &nbsp;<br \/>\nTomaste o lugar do pecador,<br \/>\nSuportaste todo o mal por mim.&nbsp;<br \/>\nLevado como v\u00edtima, teu sangue foi derramado,&nbsp; &nbsp;<br \/>\nAgora j\u00e1 n\u00e3o h\u00e1 castigo para mim. &nbsp;<br \/>\nO Santo escondeu sua face; &nbsp;<br \/>\n\u00d3 Cristo, escondeu-a de ti; &nbsp;<br \/>\nPor um pouco as trevas envolveram tua alma, &nbsp;<br \/>\nA escurid\u00e3o devida a mim. &nbsp;<br \/>\nMas agora aquela face de gra\u00e7a radiante &nbsp;<br \/>\nBrilha continuamente, iluminando a mim.&nbsp;<\/p>\n<p>&nbsp;<\/p>\n<p><strong>&gt;&gt; Retirado de&nbsp;<\/strong><a href=\"https:\/\/loja.ultimato.com.br\/livros\/conhecendo-a-deus-ao-longo-do-ano\"><strong><em>Conhecendo a Deus ao Longo do Ano<\/em><\/strong><\/a><strong> [J. I. P<\/strong><strong>acker]<\/strong><strong>. Editora Ultimato.<\/strong><\/p>\n<p>Ou\u00e7a as nossas devocionais pelo <a href=\"https:\/\/open.spotify.com\/show\/7CG8DL9dgWZEgPzX3rnk51?si=1dbGejI2TQS16eamNjb2rA\">Spotify<\/a>!<\/p>\n<p><iframe loading=\"lazy\" style=\"border-radius: 12px;\" src=\"https:\/\/open.spotify.com\/embed\/show\/7CG8DL9dgWZEgPzX3rnk51?utm_source=generator&amp;theme=0\" width=\"100%\" height=\"152\" frameborder=\"0\" allowfullscreen=\"allowfullscreen\"><\/iframe>&nbsp;<\/p>\n","protected":false},"excerpt":{"rendered":"<p>N\u00f3s o consideramos castigado por Deus&#8230; o castigo que nos trouxe paz estava sobre ele&#8230; o Senhor fez cair sobre ele a iniquidade de todos n\u00f3s&#8230; o Senhor tenha feito da vida dele uma oferta pela culpa. (Isa\u00edas 53.4-6,10)&nbsp; Foi porque Jesus foi feito pecado e suportou o julgamento de Deus pelo pecado que ele [&hellip;]<\/p>\n","protected":false},"author":21,"featured_media":10976,"comment_status":"open","ping_status":"open","sticky":false,"template":"","format":"standard","meta":{"ngg_post_thumbnail":0,"footnotes":""},"categories":[5655],"tags":[],"class_list":["post-12792","post","type-post","status-publish","format-standard","has-post-thumbnail","hentry","category-j-i-packer"],"publishpress_future_action":{"enabled":true,"date":"2026-04-30 12:59:00","action":"delete","newStatus":"draft","terms":[0],"taxonomy":"category","extraData":[]},"publishpress_future_workflow_manual_trigger":{"enabledWorkflows":[]},"_links":{"self":[{"href":"https:\/\/ultimato.com.br\/sites\/devocional-diaria\/wp-json\/wp\/v2\/posts\/12792","targetHints":{"allow":["GET"]}}],"collection":[{"href":"https:\/\/ultimato.com.br\/sites\/devocional-diaria\/wp-json\/wp\/v2\/posts"}],"about":[{"href":"https:\/\/ultimato.com.br\/sites\/devocional-diaria\/wp-json\/wp\/v2\/types\/post"}],"author":[{"embeddable":true,"href":"https:\/\/ultimato.com.br\/sites\/devocional-diaria\/wp-json\/wp\/v2\/users\/21"}],"replies":[{"embeddable":true,"href":"https:\/\/ultimato.com.br\/sites\/devocional-diaria\/wp-json\/wp\/v2\/comments?post=12792"}],"version-history":[{"count":1,"href":"https:\/\/ultimato.com.br\/sites\/devocional-diaria\/wp-json\/wp\/v2\/posts\/12792\/revisions"}],"predecessor-version":[{"id":12793,"href":"https:\/\/ultimato.com.br\/sites\/devocional-diaria\/wp-json\/wp\/v2\/posts\/12792\/revisions\/12793"}],"wp:featuredmedia":[{"embeddable":true,"href":"https:\/\/ultimato.com.br\/sites\/devocional-diaria\/wp-json\/wp\/v2\/media\/10976"}],"wp:attachment":[{"href":"https:\/\/ultimato.com.br\/sites\/devocional-diaria\/wp-json\/wp\/v2\/media?parent=12792"}],"wp:term":[{"taxonomy":"category","embeddable":true,"href":"https:\/\/ultimato.com.br\/sites\/devocional-diaria\/wp-json\/wp\/v2\/categories?post=12792"},{"taxonomy":"post_tag","embeddable":true,"href":"https:\/\/ultimato.com.br\/sites\/devocional-diaria\/wp-json\/wp\/v2\/tags?post=12792"}],"curies":[{"name":"wp","href":"https:\/\/api.w.org\/{rel}","templated":true}]}}