{"id":12786,"date":"2026-03-27T00:00:29","date_gmt":"2026-03-27T03:00:29","guid":{"rendered":"https:\/\/ultimato.com.br\/sites\/devocional-diaria\/?p=12786"},"modified":"2026-03-20T16:55:40","modified_gmt":"2026-03-20T19:55:40","slug":"o-leao-escondido","status":"publish","type":"post","link":"https:\/\/ultimato.com.br\/sites\/devocional-diaria\/2026\/03\/27\/autor\/elben-cesar\/o-leao-escondido\/","title":{"rendered":"O le\u00e3o escondido"},"content":{"rendered":"<p>Fica \u00e0 espreita como o le\u00e3o escondido. (Sl 10.9) &nbsp;<\/p>\n<p>A express\u00e3o \u201cfica \u00e0 espreita\u201d aparece tr\u00eas vezes no Salmo 10. Refere-se ao \u00edmpio que n\u00e3o quer nada com Deus (v. 4) nem com os justos. &nbsp;<\/p>\n<p>A descri\u00e7\u00e3o que dele se faz n\u00e3o \u00e9 nada promissora. Ele \u201cfica \u00e0 espreita perto dos povoados\u201d (v. 8), \u201cfica \u00e0 espreita para apanhar o necessitado\u201d (v. 9) e, agachado, para n\u00e3o ser visto e para poder atacar de surpresa, \u201cfica de tocaia\u201d (v. 10). \u00c9 um inimigo oculto, astuto e perigoso. Ele \u201cmata os inocentes\u201d (v. 8), \u201capanha o necessitado e o arrasta para a sua rede\u201d (v. 9). Por sua for\u00e7a e selvageria, o salmista compara-o ao le\u00e3o escondido. A mesma figura do le\u00e3o surge outras vezes nos salmos. Ele \u00e9 realmente feroz. Da\u00ed as ora\u00e7\u00f5es do salmista: \u201cSalva-me da boca dos le\u00f5es\u201d (22.21) e \u201clivra a minha vida preciosa desses le\u00f5es\u201d (35.17). No Salmo escrito quando fugia de Saul, Davi pinta o quadro com cores fortes: \u201cEstou em meio a le\u00f5es, \u00e1vidos para devorar; seus dentes s\u00e3o lan\u00e7as e flechas, suas l\u00ednguas s\u00e3o espadas afiadas\u201d (57.4). &nbsp;<\/p>\n<p>Talvez tenha sido nessas passagens que Pedro encontrou inspira\u00e7\u00e3o para comparar o diabo ao le\u00e3o que ruge e anda ao redor dos crentes \u201cpro\u00adcurando a quem possa devorar\u201d (1Pe 5.8). &nbsp;<\/p>\n<p>Seja apenas o \u00edmpio, seja apenas o diabo, sejam os dois juntos, pela f\u00e9 e pela ora\u00e7\u00e3o \u00e9 poss\u00edvel fechar a boca dos le\u00f5es (Hb 11.33). O Deus que libertou Davi das garras de um le\u00e3o de verdade (1Sm 17.37) e Paulo da boca de um le\u00e3o diab\u00f3lico (2Tm 4.17), pode livrar-nos de todos os le\u00f5es escondidos que costumam ficar \u00e0 espreita por a\u00ed!<\/p>\n<p>&nbsp;<\/p>\n<p><strong>&gt;&gt; Retirado de&nbsp;<\/strong><a href=\"https:\/\/loja.ultimato.com.br\/livros\/um-ano-com-os-salmos-2ed\"><strong><em>Um Ano com os Salmos<\/em><\/strong><\/a><strong> [Elben C\u00e9sar]. <\/strong><strong>Editora Ultimato.<\/strong><strong>&nbsp;<\/strong><\/p>\n<p>Ou\u00e7a e compartilhe nossas devocionais pelo <a href=\"https:\/\/open.spotify.com\/show\/7CG8DL9dgWZEgPzX3rnk51?si=1dbGejI2TQS16eamNjb2rA\">Spotify<\/a>!<\/p>\n<p><iframe loading=\"lazy\" style=\"border-radius: 12px;\" src=\"https:\/\/open.spotify.com\/embed\/show\/7CG8DL9dgWZEgPzX3rnk51?utm_source=generator&amp;theme=0\" width=\"100%\" height=\"152\" frameborder=\"0\" allowfullscreen=\"allowfullscreen\"><\/iframe>&nbsp;<\/p>\n","protected":false},"excerpt":{"rendered":"<p>Fica \u00e0 espreita como o le\u00e3o escondido. (Sl 10.9) &nbsp; A express\u00e3o \u201cfica \u00e0 espreita\u201d aparece tr\u00eas vezes no Salmo 10. Refere-se ao \u00edmpio que n\u00e3o quer nada com Deus (v. 4) nem com os justos. &nbsp; A descri\u00e7\u00e3o que dele se faz n\u00e3o \u00e9 nada promissora. Ele \u201cfica \u00e0 espreita perto dos povoados\u201d (v. [&hellip;]<\/p>\n","protected":false},"author":21,"featured_media":10973,"comment_status":"open","ping_status":"open","sticky":false,"template":"","format":"standard","meta":{"ngg_post_thumbnail":0,"footnotes":""},"categories":[5478],"tags":[],"class_list":["post-12786","post","type-post","status-publish","format-standard","has-post-thumbnail","hentry","category-elben-cesar"],"publishpress_future_action":{"enabled":true,"date":"2026-04-27 12:59:00","action":"delete","newStatus":"draft","terms":[0],"taxonomy":"category","extraData":[]},"publishpress_future_workflow_manual_trigger":{"enabledWorkflows":[]},"_links":{"self":[{"href":"https:\/\/ultimato.com.br\/sites\/devocional-diaria\/wp-json\/wp\/v2\/posts\/12786","targetHints":{"allow":["GET"]}}],"collection":[{"href":"https:\/\/ultimato.com.br\/sites\/devocional-diaria\/wp-json\/wp\/v2\/posts"}],"about":[{"href":"https:\/\/ultimato.com.br\/sites\/devocional-diaria\/wp-json\/wp\/v2\/types\/post"}],"author":[{"embeddable":true,"href":"https:\/\/ultimato.com.br\/sites\/devocional-diaria\/wp-json\/wp\/v2\/users\/21"}],"replies":[{"embeddable":true,"href":"https:\/\/ultimato.com.br\/sites\/devocional-diaria\/wp-json\/wp\/v2\/comments?post=12786"}],"version-history":[{"count":1,"href":"https:\/\/ultimato.com.br\/sites\/devocional-diaria\/wp-json\/wp\/v2\/posts\/12786\/revisions"}],"predecessor-version":[{"id":12787,"href":"https:\/\/ultimato.com.br\/sites\/devocional-diaria\/wp-json\/wp\/v2\/posts\/12786\/revisions\/12787"}],"wp:featuredmedia":[{"embeddable":true,"href":"https:\/\/ultimato.com.br\/sites\/devocional-diaria\/wp-json\/wp\/v2\/media\/10973"}],"wp:attachment":[{"href":"https:\/\/ultimato.com.br\/sites\/devocional-diaria\/wp-json\/wp\/v2\/media?parent=12786"}],"wp:term":[{"taxonomy":"category","embeddable":true,"href":"https:\/\/ultimato.com.br\/sites\/devocional-diaria\/wp-json\/wp\/v2\/categories?post=12786"},{"taxonomy":"post_tag","embeddable":true,"href":"https:\/\/ultimato.com.br\/sites\/devocional-diaria\/wp-json\/wp\/v2\/tags?post=12786"}],"curies":[{"name":"wp","href":"https:\/\/api.w.org\/{rel}","templated":true}]}}