{"id":11064,"date":"2024-02-20T00:00:03","date_gmt":"2024-02-20T03:00:03","guid":{"rendered":"https:\/\/ultimato.com.br\/sites\/devocional-diaria\/?p=11064"},"modified":"2024-02-26T16:55:04","modified_gmt":"2024-02-26T19:55:04","slug":"de-cima-para-baixo-3","status":"publish","type":"post","link":"https:\/\/ultimato.com.br\/sites\/devocional-diaria\/2024\/02\/20\/autor\/elben-cesar\/de-cima-para-baixo-3\/","title":{"rendered":"De cima para baixo"},"content":{"rendered":"<p>Toda boa d\u00e1diva e todo dom perfeito v\u00eam l\u00e1 de cima, descendo do Pai das luzes, no qual n\u00e3o pode haver mudan\u00e7a nem sombra de varia\u00e7\u00e3o. (Tg 1.17)<\/p>\n<p>A ordem certa \u00e9 de cima para baixo. Da cabe\u00e7a para a barba, da barba para&nbsp;a gola, da gola para o corpo todo. Do monte Hermon, 2.800 metros acima&nbsp;do n\u00edvel do mar, para os montes mais baixos, dos montes para os vales, dos&nbsp;vales para as campinas (Sl 133).&nbsp;<\/p>\n<p>Esse \u00e9 o caminho da chuva e da neve. Elas descem dos c\u00e9us e regam a terra&nbsp;e a fazem brotar, para dar semente ao semeador e p\u00e3o ao que come (Is 55.10).&nbsp;<\/p>\n<p>Esse \u00e9 o caminho de toda boa d\u00e1diva e de todo dom perfeito. Eles v\u00eam&nbsp;l\u00e1 do alto e descem do Pai das luzes (Tg 1.17).&nbsp;<\/p>\n<p>Esse \u00e9 o caminho da b\u00ean\u00e7\u00e3o. Ela vem de cima para baixo. A verdadeira&nbsp;b\u00ean\u00e7\u00e3o, a b\u00ean\u00e7\u00e3o que vale mais, a b\u00ean\u00e7\u00e3o que dura mais tempo, vem de&nbsp;cima, vem do alto, vem de Deus: \u201cAli ordena o Senhor a sua b\u00ean\u00e7\u00e3o e a vida&nbsp;para sempre\u201d (Sl 133.3).&nbsp;<\/p>\n<p>A suprema realiza\u00e7\u00e3o do homem n\u00e3o vem de baixo, n\u00e3o vem do dinheiro,&nbsp;n\u00e3o vem dos gastos, n\u00e3o vem da frivolidade, n\u00e3o vem dos conchavos, n\u00e3o&nbsp;vem da permissividade. Vem de cima para baixo. Vem de Deus.<strong>&nbsp;<\/strong><\/p>\n<p><strong>&nbsp;<\/strong><\/p>\n<p><strong>&gt;&gt; Retirado de&nbsp;<\/strong><a href=\"https:\/\/loja.ultimato.com.br\/livros\/cuide-das-raizes-espere-pelos-frutos\"><strong><em>Cuide das Ra\u00edzes, Espere pelos Frutos<\/em><\/strong><strong>,<\/strong><\/a><strong> [Elben C\u00e9sar]. <\/strong><strong>Editora Ultimato.<\/strong><\/p>\n<p>Ou\u00e7a e compartilhe nossas devocionais pelo <a href=\"https:\/\/open.spotify.com\/show\/7CG8DL9dgWZEgPzX3rnk51?si=1dbGejI2TQS16eamNjb2rA\">Spotify<\/a>!<\/p>\n<p><iframe loading=\"lazy\" style=\"border-radius: 12px;\" src=\"https:\/\/open.spotify.com\/embed\/show\/7CG8DL9dgWZEgPzX3rnk51?utm_source=generator&amp;theme=0\" width=\"100%\" height=\"152\" frameborder=\"0\" allowfullscreen=\"allowfullscreen\"><\/iframe>&nbsp;<\/p>\n","protected":false},"excerpt":{"rendered":"<p>Toda boa d\u00e1diva e todo dom perfeito v\u00eam l\u00e1 de cima, descendo do Pai das luzes, no qual n\u00e3o pode haver mudan\u00e7a nem sombra de varia\u00e7\u00e3o. (Tg 1.17) A ordem certa \u00e9 de cima para baixo. Da cabe\u00e7a para a barba, da barba para&nbsp;a gola, da gola para o corpo todo. Do monte Hermon, 2.800 [&hellip;]<\/p>\n","protected":false},"author":21,"featured_media":10978,"comment_status":"open","ping_status":"open","sticky":false,"template":"","format":"standard","meta":{"ngg_post_thumbnail":0,"footnotes":""},"categories":[5478],"tags":[],"class_list":["post-11064","post","type-post","status-publish","format-standard","has-post-thumbnail","hentry","category-elben-cesar"],"publishpress_future_action":{"enabled":false,"date":"2026-05-04 11:15:51","action":"change-status","newStatus":"draft","terms":[],"taxonomy":"category","extraData":[]},"publishpress_future_workflow_manual_trigger":{"enabledWorkflows":[]},"_links":{"self":[{"href":"https:\/\/ultimato.com.br\/sites\/devocional-diaria\/wp-json\/wp\/v2\/posts\/11064","targetHints":{"allow":["GET"]}}],"collection":[{"href":"https:\/\/ultimato.com.br\/sites\/devocional-diaria\/wp-json\/wp\/v2\/posts"}],"about":[{"href":"https:\/\/ultimato.com.br\/sites\/devocional-diaria\/wp-json\/wp\/v2\/types\/post"}],"author":[{"embeddable":true,"href":"https:\/\/ultimato.com.br\/sites\/devocional-diaria\/wp-json\/wp\/v2\/users\/21"}],"replies":[{"embeddable":true,"href":"https:\/\/ultimato.com.br\/sites\/devocional-diaria\/wp-json\/wp\/v2\/comments?post=11064"}],"version-history":[{"count":1,"href":"https:\/\/ultimato.com.br\/sites\/devocional-diaria\/wp-json\/wp\/v2\/posts\/11064\/revisions"}],"predecessor-version":[{"id":11065,"href":"https:\/\/ultimato.com.br\/sites\/devocional-diaria\/wp-json\/wp\/v2\/posts\/11064\/revisions\/11065"}],"wp:featuredmedia":[{"embeddable":true,"href":"https:\/\/ultimato.com.br\/sites\/devocional-diaria\/wp-json\/wp\/v2\/media\/10978"}],"wp:attachment":[{"href":"https:\/\/ultimato.com.br\/sites\/devocional-diaria\/wp-json\/wp\/v2\/media?parent=11064"}],"wp:term":[{"taxonomy":"category","embeddable":true,"href":"https:\/\/ultimato.com.br\/sites\/devocional-diaria\/wp-json\/wp\/v2\/categories?post=11064"},{"taxonomy":"post_tag","embeddable":true,"href":"https:\/\/ultimato.com.br\/sites\/devocional-diaria\/wp-json\/wp\/v2\/tags?post=11064"}],"curies":[{"name":"wp","href":"https:\/\/api.w.org\/{rel}","templated":true}]}}