{"id":11026,"date":"2024-02-25T00:00:29","date_gmt":"2024-02-25T03:00:29","guid":{"rendered":"https:\/\/ultimato.com.br\/sites\/devocional-diaria\/?p=11026"},"modified":"2024-02-08T08:07:17","modified_gmt":"2024-02-08T11:07:17","slug":"o-amor-de-deus-e-o-chao-da-alma-2","status":"publish","type":"post","link":"https:\/\/ultimato.com.br\/sites\/devocional-diaria\/2024\/02\/25\/autor\/christian-gillis\/o-amor-de-deus-e-o-chao-da-alma-2\/","title":{"rendered":"O amor de Deus \u00e9 o ch\u00e3o da alma"},"content":{"rendered":"<p>Deus demonstra seu amor por n\u00f3s: Cristo morreu em nosso favor quando ainda \u00e9ramos pecadores. (Romanos 5.8)<\/p>\n<p>O ch\u00e3o para nossa alma \u00e9 a certeza do amor absoluto, leal, constante e fiel&nbsp;de Deus. O amor de Deus n\u00e3o muda, n\u00e3o \u00e9 inconstante. O amor de Deus est\u00e1&nbsp;baseado em si mesmo, na escolha eterna que ele faz para ser ele mesmo:&nbsp;o Deus que ama. O amor de Deus n\u00e3o est\u00e1 condicionado pelo que fazemos ou&nbsp;deixamos de fazer, seja bom, seja mau. N\u00e3o est\u00e1 vinculado a nossos m\u00e9ritos que&nbsp;projetamos para Deus. Muitos imaginam que Deus s\u00f3 ama quando fazemos&nbsp;algo bom. Embora Deus abomine o pecado, e sua ira se acenda quando sua&nbsp;santidade \u00e9 ferida, diante dele resplandece permanentemente o estandarte&nbsp;com a figura de um cordeiro imaculado imolado. A Escritura revela que Deus&nbsp;nos ama de modo total, independentemente de nossos m\u00e9ritos. Deus nos&nbsp;amou de tal maneira e morreu por todos sendo n\u00f3s ainda pecadores.&nbsp;<\/p>\n<p>A hist\u00f3ria de Jesus, sua vida e obra, tamb\u00e9m revela o amor de Deus: \u00e9 um&nbsp;amor que age, que vai na dire\u00e7\u00e3o do necessitado, que oferta o que tem para&nbsp;ajudar, que restabelece a vida.&nbsp;<\/p>\n<p>Aquele que experimenta a do\u00e7ura do amor celeste, aquele que \u00e9 tocado&nbsp;pelo amor de Deus nos por\u00f5es do cora\u00e7\u00e3o \u00e9 liberto da perspectiva de vida&nbsp;separada de Deus. O encontro com o amor de Deus reorienta toda a \u00f3rbita&nbsp;da exist\u00eancia humana. O amor divino \u00e9 a for\u00e7a gravitacional que atrai nossa&nbsp;alma \u00e0quilo para o qual ela foi criada.&nbsp;<\/p>\n<p>\u00c9 preciso sermos tomados por esse amor divino para sermos libertos de&nbsp;projetos existenciais med\u00edocres. \u00c9 preciso experimentarmos o amor de Deus&nbsp;para sermos renovados como pessoas. \u00c9 preciso deixar a mente conhecer esse&nbsp;amor que excede todo entendimento para desfrutarmos da plenitude de Deus.&nbsp;<\/p>\n<p>Senhor, gra\u00e7as te dou porque teu amor independe de mim. Muito obrigado porque&nbsp;o ch\u00e3o de minha alma \u00e9 firme em teu amor. Todos os dias de minha vida, liberta-me&nbsp;de mim e enche-me cada vez mais de ti. Am\u00e9m.<strong>&nbsp;<\/strong><\/p>\n<p><strong>&nbsp;<\/strong><\/p>\n<p><strong>&gt;&gt; Retirado de&nbsp;<\/strong><a href=\"https:\/\/loja.ultimato.com.br\/livros\/refeicoes-diarias-celebrando-a-reconciliacao\"><strong><em>Refei\u00e7\u00f5es Di\u00e1rias \u2013 Celebrando a Reconcilia\u00e7\u00e3o<\/em><\/strong><\/a><strong>. <\/strong><strong>Editora Ultimato.<\/strong><\/p>\n<p>Ou\u00e7a e compartilhe nossas devocionais pelo <a href=\"https:\/\/open.spotify.com\/show\/7CG8DL9dgWZEgPzX3rnk51?si=1dbGejI2TQS16eamNjb2rA\">Spotify<\/a>!<\/p>\n<p><iframe loading=\"lazy\" style=\"border-radius: 12px;\" src=\"https:\/\/open.spotify.com\/embed\/show\/7CG8DL9dgWZEgPzX3rnk51?utm_source=generator&amp;theme=0\" width=\"100%\" height=\"152\" frameborder=\"0\" allowfullscreen=\"allowfullscreen\"><\/iframe>&nbsp;<\/p>\n","protected":false},"excerpt":{"rendered":"<p>Deus demonstra seu amor por n\u00f3s: Cristo morreu em nosso favor quando ainda \u00e9ramos pecadores. (Romanos 5.8) O ch\u00e3o para nossa alma \u00e9 a certeza do amor absoluto, leal, constante e fiel&nbsp;de Deus. O amor de Deus n\u00e3o muda, n\u00e3o \u00e9 inconstante. O amor de Deus est\u00e1&nbsp;baseado em si mesmo, na escolha eterna que ele [&hellip;]<\/p>\n","protected":false},"author":21,"featured_media":10976,"comment_status":"open","ping_status":"open","sticky":false,"template":"","format":"standard","meta":{"ngg_post_thumbnail":0,"footnotes":""},"categories":[40862],"tags":[],"class_list":["post-11026","post","type-post","status-publish","format-standard","has-post-thumbnail","hentry","category-christian-gillis"],"publishpress_future_action":{"enabled":false,"date":"2026-05-04 23:18:51","action":"change-status","newStatus":"draft","terms":[],"taxonomy":"category","extraData":[]},"publishpress_future_workflow_manual_trigger":{"enabledWorkflows":[]},"_links":{"self":[{"href":"https:\/\/ultimato.com.br\/sites\/devocional-diaria\/wp-json\/wp\/v2\/posts\/11026","targetHints":{"allow":["GET"]}}],"collection":[{"href":"https:\/\/ultimato.com.br\/sites\/devocional-diaria\/wp-json\/wp\/v2\/posts"}],"about":[{"href":"https:\/\/ultimato.com.br\/sites\/devocional-diaria\/wp-json\/wp\/v2\/types\/post"}],"author":[{"embeddable":true,"href":"https:\/\/ultimato.com.br\/sites\/devocional-diaria\/wp-json\/wp\/v2\/users\/21"}],"replies":[{"embeddable":true,"href":"https:\/\/ultimato.com.br\/sites\/devocional-diaria\/wp-json\/wp\/v2\/comments?post=11026"}],"version-history":[{"count":1,"href":"https:\/\/ultimato.com.br\/sites\/devocional-diaria\/wp-json\/wp\/v2\/posts\/11026\/revisions"}],"predecessor-version":[{"id":11027,"href":"https:\/\/ultimato.com.br\/sites\/devocional-diaria\/wp-json\/wp\/v2\/posts\/11026\/revisions\/11027"}],"wp:featuredmedia":[{"embeddable":true,"href":"https:\/\/ultimato.com.br\/sites\/devocional-diaria\/wp-json\/wp\/v2\/media\/10976"}],"wp:attachment":[{"href":"https:\/\/ultimato.com.br\/sites\/devocional-diaria\/wp-json\/wp\/v2\/media?parent=11026"}],"wp:term":[{"taxonomy":"category","embeddable":true,"href":"https:\/\/ultimato.com.br\/sites\/devocional-diaria\/wp-json\/wp\/v2\/categories?post=11026"},{"taxonomy":"post_tag","embeddable":true,"href":"https:\/\/ultimato.com.br\/sites\/devocional-diaria\/wp-json\/wp\/v2\/tags?post=11026"}],"curies":[{"name":"wp","href":"https:\/\/api.w.org\/{rel}","templated":true}]}}