{"id":11024,"date":"2024-02-23T00:00:31","date_gmt":"2024-02-23T03:00:31","guid":{"rendered":"https:\/\/ultimato.com.br\/sites\/devocional-diaria\/?p=11024"},"modified":"2024-02-08T08:03:42","modified_gmt":"2024-02-08T11:03:42","slug":"metaforas-do-ministerio-4","status":"publish","type":"post","link":"https:\/\/ultimato.com.br\/sites\/devocional-diaria\/2024\/02\/23\/autor\/john-stott\/metaforas-do-ministerio-4\/","title":{"rendered":"Met\u00e1foras do minist\u00e9rio"},"content":{"rendered":"<p><em>Tanto voc\u00eas como Deus s\u00e3o testemunhas de como nos portamos de maneira santa, justa e irrepreens\u00edvel entre voc\u00eas, os que creem. <\/em>&nbsp;(1 Tessalonicenses 2.10)&nbsp;&nbsp;<\/p>\n<p>A partida de Paulo de Tessal\u00f4nica \u00e0s ocultas, durante a noite, e seu fracasso em retornar despertaram muitas cr\u00edticas, de forma que ele precisou se defender, o que ele fez por meio de uma s\u00e9rie de met\u00e1foras vigorosas. &nbsp;<\/p>\n<p>Primeiro, ele escreveu acerca da fidelidade de um <em>encarregado<\/em>: \u201c[falamos] como homens aprovados por Deus para nos confiar o evangelho\u201d (v. 4). \u00c9 verdade que a palavra \u201cencarregado\u201d n\u00e3o aparece no texto, mas esse con\u00adceito est\u00e1 impl\u00edcito, uma vez que o evangelho havia sido confiado a Paulo.<\/p>\n<p>Segundo, \u201cfomos bondosos quando est\u00e1vamos entre voc\u00eas, como uma <em>m\u00e3e <\/em>que cuida dos pr\u00f3prios filhos\u201d (v. 7). Sim, e n\u00e3o somente bondosos, mas afe\u00adtuosos e sacrificiais. \u00c9 maravilhoso como Paulo, que era forte de mente e de car\u00e1ter, empregou esses termos femininos para se referir ao seu minist\u00e9rio. &nbsp;<\/p>\n<p>Terceiro, \u201ctratamos cada um como um <em>pai <\/em>trata seus filhos\u201d (v. 11). O ap\u00f3stolo parece estar pensando no papel do pai como educador, ensinando tanto por palavra quanto por exemplo. &nbsp;<\/p>\n<p>Quarto, Paulo menciona a coragem de um <em>arauto<\/em>. Anunciar <em>(kerysso<\/em>) \u00e9 a palavra mais comum no Novo Testamento para pregar. \u201cEnquanto lhes preg\u00e1vamos o evangelho de Deus\u201d, escreve Paulo (v. 9). &nbsp;<\/p>\n<p>A fidelidade de um encarregado, a bondade de uma m\u00e3e, o apoio de um pai e a coragem de um arauto. Essas quatro met\u00e1foras nos ensinam as duas maiores responsabilidades daqueles que s\u00e3o chamados para o minist\u00e9rio pastoral. A primeira \u00e9 a nossa responsabilidade para com a Palavra de Deus \u2013 como encarregados, devemos proteg\u00ea-la e, como arautos, proclam\u00e1-la. A segunda \u00e9 a nossa responsabilidade para com o povo de Deus \u2013 como seus pais e m\u00e3es, devemos am\u00e1-los e apoi\u00e1-los. Tamb\u00e9m poder\u00edamos dizer que as duas marcas principais de l\u00edderes pastorais deveriam ser a verdade e o amor, atuando em conjunto. Isso s\u00f3 \u00e9 poss\u00edvel atrav\u00e9s do Esp\u00edrito que habita em n\u00f3s, pois ele \u00e9 o Esp\u00edrito da verdade, e o primeiro fruto do Esp\u00edrito \u00e9 o amor.&nbsp;<\/p>\n<p>Para saber mais: 1 Tessalonicenses 2.1-13<strong>&nbsp;<\/strong><\/p>\n<p><strong>&nbsp;<\/strong><\/p>\n<p><strong>&gt;&gt; Retirado de&nbsp;<\/strong><a href=\"https:\/\/loja.ultimato.com.br\/livros\/a-biblia-toda-o-ano-todo-2ed\"><strong><em>A B\u00edblia Toda, o Ano Todo<\/em><\/strong><\/a><strong>&nbsp;<\/strong><strong>[John Stott]. <\/strong><strong>Editora Ultimato.<\/strong><\/p>\n<p>Ou\u00e7a e compartilhe nossas devocionais pelo <a href=\"https:\/\/open.spotify.com\/show\/7CG8DL9dgWZEgPzX3rnk51?si=1dbGejI2TQS16eamNjb2rA\">Spotify<\/a>!<\/p>\n<p><iframe loading=\"lazy\" style=\"border-radius: 12px;\" src=\"https:\/\/open.spotify.com\/embed\/show\/7CG8DL9dgWZEgPzX3rnk51?utm_source=generator&amp;theme=0\" width=\"100%\" height=\"152\" frameborder=\"0\" allowfullscreen=\"allowfullscreen\"><\/iframe>&nbsp;<\/p>\n","protected":false},"excerpt":{"rendered":"<p>Tanto voc\u00eas como Deus s\u00e3o testemunhas de como nos portamos de maneira santa, justa e irrepreens\u00edvel entre voc\u00eas, os que creem. &nbsp;(1 Tessalonicenses 2.10)&nbsp;&nbsp; A partida de Paulo de Tessal\u00f4nica \u00e0s ocultas, durante a noite, e seu fracasso em retornar despertaram muitas cr\u00edticas, de forma que ele precisou se defender, o que ele fez por [&hellip;]<\/p>\n","protected":false},"author":21,"featured_media":10973,"comment_status":"open","ping_status":"open","sticky":false,"template":"","format":"standard","meta":{"ngg_post_thumbnail":0,"footnotes":""},"categories":[5668],"tags":[],"class_list":["post-11024","post","type-post","status-publish","format-standard","has-post-thumbnail","hentry","category-john-stott"],"publishpress_future_action":{"enabled":false,"date":"2026-05-04 13:55:58","action":"change-status","newStatus":"draft","terms":[],"taxonomy":"category","extraData":[]},"publishpress_future_workflow_manual_trigger":{"enabledWorkflows":[]},"_links":{"self":[{"href":"https:\/\/ultimato.com.br\/sites\/devocional-diaria\/wp-json\/wp\/v2\/posts\/11024","targetHints":{"allow":["GET"]}}],"collection":[{"href":"https:\/\/ultimato.com.br\/sites\/devocional-diaria\/wp-json\/wp\/v2\/posts"}],"about":[{"href":"https:\/\/ultimato.com.br\/sites\/devocional-diaria\/wp-json\/wp\/v2\/types\/post"}],"author":[{"embeddable":true,"href":"https:\/\/ultimato.com.br\/sites\/devocional-diaria\/wp-json\/wp\/v2\/users\/21"}],"replies":[{"embeddable":true,"href":"https:\/\/ultimato.com.br\/sites\/devocional-diaria\/wp-json\/wp\/v2\/comments?post=11024"}],"version-history":[{"count":1,"href":"https:\/\/ultimato.com.br\/sites\/devocional-diaria\/wp-json\/wp\/v2\/posts\/11024\/revisions"}],"predecessor-version":[{"id":11025,"href":"https:\/\/ultimato.com.br\/sites\/devocional-diaria\/wp-json\/wp\/v2\/posts\/11024\/revisions\/11025"}],"wp:featuredmedia":[{"embeddable":true,"href":"https:\/\/ultimato.com.br\/sites\/devocional-diaria\/wp-json\/wp\/v2\/media\/10973"}],"wp:attachment":[{"href":"https:\/\/ultimato.com.br\/sites\/devocional-diaria\/wp-json\/wp\/v2\/media?parent=11024"}],"wp:term":[{"taxonomy":"category","embeddable":true,"href":"https:\/\/ultimato.com.br\/sites\/devocional-diaria\/wp-json\/wp\/v2\/categories?post=11024"},{"taxonomy":"post_tag","embeddable":true,"href":"https:\/\/ultimato.com.br\/sites\/devocional-diaria\/wp-json\/wp\/v2\/tags?post=11024"}],"curies":[{"name":"wp","href":"https:\/\/api.w.org\/{rel}","templated":true}]}}