{"id":11022,"date":"2024-02-22T00:00:51","date_gmt":"2024-02-22T03:00:51","guid":{"rendered":"https:\/\/ultimato.com.br\/sites\/devocional-diaria\/?p=11022"},"modified":"2024-02-08T08:01:43","modified_gmt":"2024-02-08T11:01:43","slug":"um-cristianismo-sem-o-espirito-santo-2","status":"publish","type":"post","link":"https:\/\/ultimato.com.br\/sites\/devocional-diaria\/2024\/02\/22\/autor\/stanley-jones\/um-cristianismo-sem-o-espirito-santo-2\/","title":{"rendered":"Um cristianismo sem o Esp\u00edrito Santo"},"content":{"rendered":"<p>Atos 19.1-7<\/p>\n<p>Um cristianismo sem o Esp\u00edrito Santo n\u00e3o contagia. N\u00e3o tem o <em>mais <\/em>que transforma&nbsp;a f\u00e9 contida em f\u00e9 contagiante. Nosso cristianismo pode ser contido \u2013 contido dentro&nbsp;de n\u00f3s como um conforto, um ref\u00fagio, uma cren\u00e7a, uma esperan\u00e7a, uma inspira\u00e7\u00e3o.&nbsp;\u00c9 bom, mas n\u00e3o bom o suficiente. Nada \u00e9 nosso que n\u00e3o deva ser compartilhado;&nbsp;nada \u00e9 nosso que n\u00e3o possa ser transmitido e duplicado em outras vidas. Nada&nbsp;realmente vive que n\u00e3o possa ser capaz de dar vida. Afinal, a finalidade da vida \u00e9&nbsp;a procria\u00e7\u00e3o dela mesma.&nbsp;<\/p>\n<p>Algu\u00e9m perguntou: \u201cVoc\u00ea \u00e9 uma geladeira ou uma incubadora?\u201d. Alguns gelam&nbsp;a vida; outros a frutificam. Alguns lan\u00e7am um caloroso e simp\u00e1tico olhar para&nbsp;as pessoas e situa\u00e7\u00f5es no entorno que traz nova vida, novas esperan\u00e7as e novas&nbsp;aspira\u00e7\u00f5es. Essas pessoas s\u00e3o espiritualmente criativas.&nbsp;<\/p>\n<p>Dois pregadores estavam sendo analisados por dois leigos, que chegaram a&nbsp;esta conclus\u00e3o: \u201cQuando um se levanta para pregar, ele prega eloquentemente,&nbsp;mas est\u00e1 sozinho. Quando o outro se levanta, n\u00e3o h\u00e1 eloqu\u00eancia, mas o efeito&nbsp;\u00e9 surpreendentemente diferente. A raz\u00e3o \u00e9 que, no segundo, h\u00e1 duas pessoas\u201d.&nbsp;As habilidades do segundo pregador eram dominadas pelo Outro e intensificadas.&nbsp;Suas palavras tinham, em si, a Palavra. Ali estava o gr\u00e3o de trigo que havia ca\u00eddo&nbsp;no ch\u00e3o e morrido, morrido para si mesmo como autossufici\u00eancia, e que agora&nbsp;produzia \u201co melhor\u201d. O primeiro pregador n\u00e3o havia morrido e, portanto, pregava&nbsp;sozinho. O segundo era uma pessoa entregue nas m\u00e3os de Deus. O primeiro&nbsp;estava nas pr\u00f3prias m\u00e3os, ou melhor, <em>dependia <\/em>das pr\u00f3prias m\u00e3os, um problema&nbsp;para si mesmo.&nbsp;<\/p>\n<p>Mas os remos sozinhos n\u00e3o conseguem&nbsp;<\/p>\n<p>Alcan\u00e7ar a costa distante;&nbsp;<\/p>\n<p>O sopro do c\u00e9u deve encher a vela;&nbsp;<\/p>\n<p>Do contr\u00e1rio, todo o trabalho estar\u00e1 perdido.*&nbsp;<\/p>\n<p>Um quacre disse: \u201cUm homem verdadeiramente tocado por Deus pode influenciar&nbsp;pessoas h\u00e1 mais de quinze quil\u00f4metros ao seu redor\u201d. Os cinco p\u00e3es e dois&nbsp;peixes eram insuficientes para as cinco mil pessoas enquanto estavam nas m\u00e3os&nbsp;de quem os tinha, mas, entregues a Cristo \u2013 nas m\u00e3os dele \u2013, foram suficientes,&nbsp;e houve sobras. A vida em nossas m\u00e3os \u00e9 a vida em nossas m\u00e3os \u2013 um problema.&nbsp;A vida nas m\u00e3os de Jesus j\u00e1 n\u00e3o \u00e9 um problema \u2013 \u00e9 uma possibilidade.&nbsp;<\/p>\n<p><em>\u00d3 Esp\u00edrito de Deus, desce sobre o meu cora\u00e7\u00e3o. Leva a frieza, assoprando o teu calor para&nbsp;dentro de mim. Faze de mim uma incubadora espiritual. Que eu aque\u00e7a o que est\u00e1 frio,&nbsp;inspire o que vacila e torne frut\u00edfero o que \u00e9 est\u00e9ril. Am\u00e9m.&nbsp;<\/em><\/p>\n<p>Afirma\u00e7\u00e3o do dia: \u201cViveremos com ele, pelo poder de Deus\u201d (2Co 13.4, NAA).&nbsp;<\/p>\n<p>&nbsp;<\/p>\n<p>* \u201cHuman Frailty\u201d, <em>A collection of hymns and liturgy for the use of evangelical Lutheran churches,&nbsp;to which are added prayers for families and individuals<\/em>. Nova York: Ludwig, 1848. p. 396.<strong>&nbsp;<\/strong><\/p>\n<p><strong>&nbsp;<\/strong><\/p>\n<p><strong>&gt;&gt; Retirado de&nbsp;<\/strong><a href=\"https:\/\/loja.ultimato.com.br\/livros\/o-caminho\"><strong><em>O Caminho<\/em><\/strong><\/a> <strong>[Stanley Jones]. Editora Ultimato.<\/strong><\/p>\n<p>Ou\u00e7a e compartilhe nossas devocionais pelo <a href=\"https:\/\/open.spotify.com\/show\/7CG8DL9dgWZEgPzX3rnk51?si=1dbGejI2TQS16eamNjb2rA\">Spotify<\/a>!<\/p>\n<p><iframe loading=\"lazy\" style=\"border-radius: 12px;\" src=\"https:\/\/open.spotify.com\/embed\/show\/7CG8DL9dgWZEgPzX3rnk51?utm_source=generator&amp;theme=0\" width=\"100%\" height=\"152\" frameborder=\"0\" allowfullscreen=\"allowfullscreen\"><\/iframe>&nbsp;<\/p>\n","protected":false},"excerpt":{"rendered":"<p>Atos 19.1-7 Um cristianismo sem o Esp\u00edrito Santo n\u00e3o contagia. N\u00e3o tem o mais que transforma&nbsp;a f\u00e9 contida em f\u00e9 contagiante. Nosso cristianismo pode ser contido \u2013 contido dentro&nbsp;de n\u00f3s como um conforto, um ref\u00fagio, uma cren\u00e7a, uma esperan\u00e7a, uma inspira\u00e7\u00e3o.&nbsp;\u00c9 bom, mas n\u00e3o bom o suficiente. Nada \u00e9 nosso que n\u00e3o deva ser compartilhado;&nbsp;nada [&hellip;]<\/p>\n","protected":false},"author":21,"featured_media":10977,"comment_status":"open","ping_status":"open","sticky":false,"template":"","format":"standard","meta":{"ngg_post_thumbnail":0,"footnotes":""},"categories":[40852],"tags":[],"class_list":["post-11022","post","type-post","status-publish","format-standard","has-post-thumbnail","hentry","category-stanley-jones"],"publishpress_future_action":{"enabled":false,"date":"2026-05-04 12:30:54","action":"change-status","newStatus":"draft","terms":[],"taxonomy":"category","extraData":[]},"publishpress_future_workflow_manual_trigger":{"enabledWorkflows":[]},"_links":{"self":[{"href":"https:\/\/ultimato.com.br\/sites\/devocional-diaria\/wp-json\/wp\/v2\/posts\/11022","targetHints":{"allow":["GET"]}}],"collection":[{"href":"https:\/\/ultimato.com.br\/sites\/devocional-diaria\/wp-json\/wp\/v2\/posts"}],"about":[{"href":"https:\/\/ultimato.com.br\/sites\/devocional-diaria\/wp-json\/wp\/v2\/types\/post"}],"author":[{"embeddable":true,"href":"https:\/\/ultimato.com.br\/sites\/devocional-diaria\/wp-json\/wp\/v2\/users\/21"}],"replies":[{"embeddable":true,"href":"https:\/\/ultimato.com.br\/sites\/devocional-diaria\/wp-json\/wp\/v2\/comments?post=11022"}],"version-history":[{"count":1,"href":"https:\/\/ultimato.com.br\/sites\/devocional-diaria\/wp-json\/wp\/v2\/posts\/11022\/revisions"}],"predecessor-version":[{"id":11023,"href":"https:\/\/ultimato.com.br\/sites\/devocional-diaria\/wp-json\/wp\/v2\/posts\/11022\/revisions\/11023"}],"wp:featuredmedia":[{"embeddable":true,"href":"https:\/\/ultimato.com.br\/sites\/devocional-diaria\/wp-json\/wp\/v2\/media\/10977"}],"wp:attachment":[{"href":"https:\/\/ultimato.com.br\/sites\/devocional-diaria\/wp-json\/wp\/v2\/media?parent=11022"}],"wp:term":[{"taxonomy":"category","embeddable":true,"href":"https:\/\/ultimato.com.br\/sites\/devocional-diaria\/wp-json\/wp\/v2\/categories?post=11022"},{"taxonomy":"post_tag","embeddable":true,"href":"https:\/\/ultimato.com.br\/sites\/devocional-diaria\/wp-json\/wp\/v2\/tags?post=11022"}],"curies":[{"name":"wp","href":"https:\/\/api.w.org\/{rel}","templated":true}]}}