{"id":11020,"date":"2024-02-21T00:00:42","date_gmt":"2024-02-21T03:00:42","guid":{"rendered":"https:\/\/ultimato.com.br\/sites\/devocional-diaria\/?p=11020"},"modified":"2024-02-08T07:59:19","modified_gmt":"2024-02-08T10:59:19","slug":"a-resposta-2","status":"publish","type":"post","link":"https:\/\/ultimato.com.br\/sites\/devocional-diaria\/2024\/02\/21\/autor\/elben-cesar\/a-resposta-2\/","title":{"rendered":"A resposta"},"content":{"rendered":"<p>Tu nos tens dado p\u00e3o de l\u00e1grimas para comer e um copo cheio de l\u00e1grimas para beber. (Sl 80.5)<\/p>\n<p>O pr\u00f3prio salmista tem a resposta \u00e0 pergunta feita no verso 12 do Salmo&nbsp;80. Ele sabe por que as cercas foram derrubadas. Ele n\u00e3o \u00e9 ing\u00eanuo nem&nbsp;perdeu a capacidade de observa\u00e7\u00e3o. A videira pereceu pela a\u00e7\u00e3o dos inimigos&nbsp;permitida por Deus (v. 4-6). A repreens\u00e3o foi provocada pela quebra de&nbsp;compromissos, pelo relaxamento da conduta, pela perda de comunh\u00e3o ou&nbsp;por qualquer outro acontecimento nesta linha. Asafe n\u00e3o quer perder tempo&nbsp;com outras especula\u00e7\u00f5es e an\u00e1lises filos\u00f3ficas. A descontinua\u00e7\u00e3o do processo&nbsp;de b\u00ean\u00e7\u00e3os n\u00e3o est\u00e1 relacionada com a mudan\u00e7a dos tempos, mas com a&nbsp;mudan\u00e7a do homem, que retrocedeu e abandonou o seu primeiro amor.&nbsp;<\/p>\n<p>A repreens\u00e3o de Deus, manifestada na derrubada das cercas, n\u00e3o \u00e9&nbsp;necessariamente final. Tem prop\u00f3sitos terap\u00eauticos. Serve para acordar e&nbsp;despertar. Vendo a videira decepada e queimada, e lembrando-se de que&nbsp;aquela mesma videira, de t\u00e3o firme e frondosa, j\u00e1 havia feito sombra sobre&nbsp;os montes \u2013 s\u00f3 assim Israel poderia ser levado \u201c\u00e0 pr\u00e1tica das primeiras obras\u201d&nbsp;(Ap 2.5). Esse momento seria o auge da crise que se arrasta h\u00e1 muito tempo&nbsp;e o in\u00edcio do fim desse desagrad\u00e1vel per\u00edodo. Nesta situa\u00e7\u00e3o Israel reconhece&nbsp;que o segredo do r\u00e1pido e impressionante crescimento da videira era a cerca&nbsp;de Deus, e n\u00e3o os valores relativos do povo.<strong>&nbsp;<\/strong><\/p>\n<p><strong>&nbsp;<\/strong><\/p>\n<p><strong>&gt;&gt; Retirado de&nbsp;<\/strong><a href=\"https:\/\/loja.ultimato.com.br\/livros\/cuide-das-raizes-espere-pelos-frutos\"><strong><em>Cuide das Ra\u00edzes, Espere pelos Frutos<\/em><\/strong><strong>,<\/strong><\/a><strong> [Elben C\u00e9sar]. <\/strong><strong>Editora Ultimato.<\/strong><\/p>\n<p>Ou\u00e7a e compartilhe nossas devocionais pelo <a href=\"https:\/\/open.spotify.com\/show\/7CG8DL9dgWZEgPzX3rnk51?si=1dbGejI2TQS16eamNjb2rA\">Spotify<\/a>!<\/p>\n<p><iframe loading=\"lazy\" style=\"border-radius: 12px;\" src=\"https:\/\/open.spotify.com\/embed\/show\/7CG8DL9dgWZEgPzX3rnk51?utm_source=generator&amp;theme=0\" width=\"100%\" height=\"152\" frameborder=\"0\" allowfullscreen=\"allowfullscreen\"><\/iframe>&nbsp;<\/p>\n","protected":false},"excerpt":{"rendered":"<p>Tu nos tens dado p\u00e3o de l\u00e1grimas para comer e um copo cheio de l\u00e1grimas para beber. (Sl 80.5) O pr\u00f3prio salmista tem a resposta \u00e0 pergunta feita no verso 12 do Salmo&nbsp;80. Ele sabe por que as cercas foram derrubadas. Ele n\u00e3o \u00e9 ing\u00eanuo nem&nbsp;perdeu a capacidade de observa\u00e7\u00e3o. A videira pereceu pela a\u00e7\u00e3o [&hellip;]<\/p>\n","protected":false},"author":21,"featured_media":10978,"comment_status":"open","ping_status":"open","sticky":false,"template":"","format":"standard","meta":{"ngg_post_thumbnail":0,"footnotes":""},"categories":[5478],"tags":[],"class_list":["post-11020","post","type-post","status-publish","format-standard","has-post-thumbnail","hentry","category-elben-cesar"],"publishpress_future_action":{"enabled":false,"date":"2026-05-04 11:16:03","action":"change-status","newStatus":"draft","terms":[],"taxonomy":"category","extraData":[]},"publishpress_future_workflow_manual_trigger":{"enabledWorkflows":[]},"_links":{"self":[{"href":"https:\/\/ultimato.com.br\/sites\/devocional-diaria\/wp-json\/wp\/v2\/posts\/11020","targetHints":{"allow":["GET"]}}],"collection":[{"href":"https:\/\/ultimato.com.br\/sites\/devocional-diaria\/wp-json\/wp\/v2\/posts"}],"about":[{"href":"https:\/\/ultimato.com.br\/sites\/devocional-diaria\/wp-json\/wp\/v2\/types\/post"}],"author":[{"embeddable":true,"href":"https:\/\/ultimato.com.br\/sites\/devocional-diaria\/wp-json\/wp\/v2\/users\/21"}],"replies":[{"embeddable":true,"href":"https:\/\/ultimato.com.br\/sites\/devocional-diaria\/wp-json\/wp\/v2\/comments?post=11020"}],"version-history":[{"count":1,"href":"https:\/\/ultimato.com.br\/sites\/devocional-diaria\/wp-json\/wp\/v2\/posts\/11020\/revisions"}],"predecessor-version":[{"id":11021,"href":"https:\/\/ultimato.com.br\/sites\/devocional-diaria\/wp-json\/wp\/v2\/posts\/11020\/revisions\/11021"}],"wp:featuredmedia":[{"embeddable":true,"href":"https:\/\/ultimato.com.br\/sites\/devocional-diaria\/wp-json\/wp\/v2\/media\/10978"}],"wp:attachment":[{"href":"https:\/\/ultimato.com.br\/sites\/devocional-diaria\/wp-json\/wp\/v2\/media?parent=11020"}],"wp:term":[{"taxonomy":"category","embeddable":true,"href":"https:\/\/ultimato.com.br\/sites\/devocional-diaria\/wp-json\/wp\/v2\/categories?post=11020"},{"taxonomy":"post_tag","embeddable":true,"href":"https:\/\/ultimato.com.br\/sites\/devocional-diaria\/wp-json\/wp\/v2\/tags?post=11020"}],"curies":[{"name":"wp","href":"https:\/\/api.w.org\/{rel}","templated":true}]}}