{"id":11016,"date":"2024-02-19T00:00:03","date_gmt":"2024-02-19T03:00:03","guid":{"rendered":"https:\/\/ultimato.com.br\/sites\/devocional-diaria\/?p=11016"},"modified":"2024-02-08T07:55:28","modified_gmt":"2024-02-08T10:55:28","slug":"o-absurdo-dos-absurdos-3","status":"publish","type":"post","link":"https:\/\/ultimato.com.br\/sites\/devocional-diaria\/2024\/02\/19\/autor\/elben-cesar\/o-absurdo-dos-absurdos-3\/","title":{"rendered":"O absurdo dos absurdos"},"content":{"rendered":"<p>Quando algu\u00e9m for tentado, n\u00e3o diga: \u201cEsta tenta\u00e7\u00e3o vem de Deus\u201d. (Tg 1.13)<\/p>\n<p>Tiago est\u00e1 desautorizando todos aqueles que p\u00f5em culpa em Deus por terem&nbsp;pecado. Quem tenta \u00e9 o Tentador, todas as potestades do ar, todos aqueles que&nbsp;se colocam consciente ou inconscientemente a servi\u00e7o dele e delas, e todas as&nbsp;circunst\u00e2ncias montadas e manipuladas pelo mal.&nbsp;<\/p>\n<p>Outra poderosa fonte de tenta\u00e7\u00e3o \u00e9 o inimigo que todo ser humano traz&nbsp;dentro de si desde a Queda \u2013 por causa do pecado original. O pecado entrou&nbsp;no mundo, na Hist\u00f3ria e no ser humano por meio de uma s\u00f3 pessoa \u2013 Ad\u00e3o&nbsp;(Rm 5.12). E at\u00e9 hoje o pecado n\u00e3o saiu do mundo, da Hist\u00f3ria e do ser&nbsp;humano. O Cordeiro de Deus est\u00e1 tirando o pecado do mundo, da Hist\u00f3ria&nbsp;e do ser humano. Ele j\u00e1 <em>tirou <\/em>a culpa do pecado por meio do seu sacrif\u00edcio&nbsp;vic\u00e1rio. Ele <em>est\u00e1 <\/em>tirando o poder do pecado por ter colocado lado a lado com&nbsp;a carne o Esp\u00edrito que oferece tenaz e cont\u00ednua resist\u00eancia a ele. Ele <em>vai tirar&nbsp;<\/em>a presen\u00e7a do pecado quando der aos salvos um novo corpo (seja pela s\u00fabita&nbsp;transforma\u00e7\u00e3o dos vivos ou pela ressurrei\u00e7\u00e3o dos mortos) e uma nova terra&nbsp;e um novo c\u00e9u.&nbsp;<\/p>\n<p>Afirmar ou insinuar que esta e aquela tenta\u00e7\u00e3o v\u00eam de Deus \u00e9 um absurdo,&nbsp;uma irrever\u00eancia, uma blasf\u00eamia, uma loucura. De Deus procede a luz e n\u00e3o&nbsp;as trevas. Deus \u00e9 absolutamente santo naquilo que chamamos passado, presente&nbsp;e futuro. O Deus das Escrituras n\u00e3o \u00e9 como os deuses gregos, como, por&nbsp;exemplo, Zeus, considerado o rei dos deuses, que tinha muitos casos amorosos&nbsp;com deusas e mulheres mortais; ou Hera, tida como a rainha dos deuses e&nbsp;dos homens, que teve tanto ci\u00fame de uma de suas rivais que fez com que o&nbsp;filho dela enlouquecesse e queimasse sua pr\u00f3pria casa, matando a mulher e os&nbsp;filhos. O ser humano \u00e9 tentado pelo Tentador e por suas mentiras.<\/p>\n<p>Deus pode provar o crente, mas nunca tent\u00e1-lo!<strong>&nbsp;<\/strong><\/p>\n<p><strong>&nbsp;<\/strong><\/p>\n<p><strong>&gt;&gt; Retirado de&nbsp;<\/strong><a href=\"https:\/\/loja.ultimato.com.br\/livros\/refeicoes-diarias-com-os-discipulos\"><strong><em>Refei\u00e7\u00f5es Di\u00e1rias com os Disc\u00edpulos<\/em><\/strong><\/a><strong> [Elben C\u00e9sar]. <\/strong><strong>Editora Ultimato.<\/strong><strong>&nbsp;<\/strong><\/p>\n<p>Ou\u00e7a e compartilhe nossas devocionais pelo <a href=\"https:\/\/open.spotify.com\/show\/7CG8DL9dgWZEgPzX3rnk51?si=1dbGejI2TQS16eamNjb2rA\">Spotify<\/a>!<\/p>\n<p><iframe loading=\"lazy\" style=\"border-radius: 12px;\" src=\"https:\/\/open.spotify.com\/embed\/show\/7CG8DL9dgWZEgPzX3rnk51?utm_source=generator&amp;theme=0\" width=\"100%\" height=\"152\" frameborder=\"0\" allowfullscreen=\"allowfullscreen\"><\/iframe>&nbsp;<\/p>\n","protected":false},"excerpt":{"rendered":"<p>Quando algu\u00e9m for tentado, n\u00e3o diga: \u201cEsta tenta\u00e7\u00e3o vem de Deus\u201d. (Tg 1.13) Tiago est\u00e1 desautorizando todos aqueles que p\u00f5em culpa em Deus por terem&nbsp;pecado. Quem tenta \u00e9 o Tentador, todas as potestades do ar, todos aqueles que&nbsp;se colocam consciente ou inconscientemente a servi\u00e7o dele e delas, e todas as&nbsp;circunst\u00e2ncias montadas e manipuladas pelo mal.&nbsp; [&hellip;]<\/p>\n","protected":false},"author":21,"featured_media":10976,"comment_status":"open","ping_status":"open","sticky":false,"template":"","format":"standard","meta":{"ngg_post_thumbnail":0,"footnotes":""},"categories":[5478],"tags":[],"class_list":["post-11016","post","type-post","status-publish","format-standard","has-post-thumbnail","hentry","category-elben-cesar"],"publishpress_future_action":{"enabled":false,"date":"2026-05-04 12:31:40","action":"change-status","newStatus":"draft","terms":[],"taxonomy":"category","extraData":[]},"publishpress_future_workflow_manual_trigger":{"enabledWorkflows":[]},"_links":{"self":[{"href":"https:\/\/ultimato.com.br\/sites\/devocional-diaria\/wp-json\/wp\/v2\/posts\/11016","targetHints":{"allow":["GET"]}}],"collection":[{"href":"https:\/\/ultimato.com.br\/sites\/devocional-diaria\/wp-json\/wp\/v2\/posts"}],"about":[{"href":"https:\/\/ultimato.com.br\/sites\/devocional-diaria\/wp-json\/wp\/v2\/types\/post"}],"author":[{"embeddable":true,"href":"https:\/\/ultimato.com.br\/sites\/devocional-diaria\/wp-json\/wp\/v2\/users\/21"}],"replies":[{"embeddable":true,"href":"https:\/\/ultimato.com.br\/sites\/devocional-diaria\/wp-json\/wp\/v2\/comments?post=11016"}],"version-history":[{"count":1,"href":"https:\/\/ultimato.com.br\/sites\/devocional-diaria\/wp-json\/wp\/v2\/posts\/11016\/revisions"}],"predecessor-version":[{"id":11017,"href":"https:\/\/ultimato.com.br\/sites\/devocional-diaria\/wp-json\/wp\/v2\/posts\/11016\/revisions\/11017"}],"wp:featuredmedia":[{"embeddable":true,"href":"https:\/\/ultimato.com.br\/sites\/devocional-diaria\/wp-json\/wp\/v2\/media\/10976"}],"wp:attachment":[{"href":"https:\/\/ultimato.com.br\/sites\/devocional-diaria\/wp-json\/wp\/v2\/media?parent=11016"}],"wp:term":[{"taxonomy":"category","embeddable":true,"href":"https:\/\/ultimato.com.br\/sites\/devocional-diaria\/wp-json\/wp\/v2\/categories?post=11016"},{"taxonomy":"post_tag","embeddable":true,"href":"https:\/\/ultimato.com.br\/sites\/devocional-diaria\/wp-json\/wp\/v2\/tags?post=11016"}],"curies":[{"name":"wp","href":"https:\/\/api.w.org\/{rel}","templated":true}]}}