{"id":11014,"date":"2024-02-16T00:00:09","date_gmt":"2024-02-16T03:00:09","guid":{"rendered":"https:\/\/ultimato.com.br\/sites\/devocional-diaria\/?p=11014"},"modified":"2024-02-08T07:53:26","modified_gmt":"2024-02-08T10:53:26","slug":"esperanca-de-tome-2","status":"publish","type":"post","link":"https:\/\/ultimato.com.br\/sites\/devocional-diaria\/2024\/02\/16\/autor\/j-i-packer\/esperanca-de-tome-2\/","title":{"rendered":"Esperan\u00e7a de Tom\u00e9"},"content":{"rendered":"<p>Disse-lhe Tom\u00e9: \u201cSenhor meu e Deus meu!\u201d Ent\u00e3o Jesus lhe disse: \u201cPorque me viu, voc\u00ea creu? Felizes os que n\u00e3o viram e creram\u201d. (Jo\u00e3o 20.28-29)<\/p>\n<p>Tom\u00e9 disse: \u201cSe eu n\u00e3o vir as marcas dos pregos nas suas m\u00e3os, n\u00e3o colocar o meu dedo onde estavam os pregos&#8230; n\u00e3o crerei\u201d (Jo 20.25). Isto aconteceu no escurecer do dia que mudou o mundo todo literalmente \u2013 o dia em que Jesus, uma vez sacrificado por nossos pecados, ressuscitou dos mortos e apareceu novamente vivo e forte sobre a Terra.<\/p>\n<p>Jesus foi gentil com Tom\u00e9. Na verdade, ele disse: \u201cSe tocar as feridas em meu corpo, isso vai ajud\u00e1-lo a crer, ent\u00e3o toque\u201d.<\/p>\n<p>Tom\u00e9 ficou absolutamente quebrantado: \u201cSenhor meu e Deus meu!\u201d, ele disse. E ao dizer isto, ele fez a perfeita con\u00adfiss\u00e3o de f\u00e9.<\/p>\n<p>Jo\u00e3o termina este cap\u00edtulo dizendo: \u201cEstes [sinais] foram escritos para que voc\u00eas creiam que Jesus \u00e9 o Cristo, o Filho de Deus e, crendo, tenham vida em seu nome\u201d (v. 31).&nbsp;<\/p>\n<p>Para orar: Jesus pacientemente guiou Tom\u00e9 da d\u00favida para a f\u00e9 \u2013 e com a f\u00e9 veio novamente a esperan\u00e7a. Agra\u00adde\u00e7a a Deus pela paci\u00eancia que ele tem com voc\u00ea. Pe\u00e7a-lhe o dom da esperan\u00e7a.<strong>&nbsp;<\/strong><\/p>\n<p><strong>&nbsp;<\/strong><\/p>\n<p><strong>&gt;&gt; Retirado de&nbsp;<\/strong><a href=\"https:\/\/loja.ultimato.com.br\/livros\/conhecendo-a-deus-ao-longo-do-ano\"><strong>Conhecendo a Deus ao Longo do Ano<\/strong><\/a><strong> [J. I. P<\/strong><strong>acker]<\/strong><strong>. Editora Ultimato.<\/strong><\/p>\n<p>Ou\u00e7a as nossas devocionais pelo <a href=\"https:\/\/open.spotify.com\/show\/7CG8DL9dgWZEgPzX3rnk51?si=1dbGejI2TQS16eamNjb2rA\">Spotify<\/a>!<\/p>\n<p><iframe loading=\"lazy\" style=\"border-radius: 12px;\" src=\"https:\/\/open.spotify.com\/embed\/show\/7CG8DL9dgWZEgPzX3rnk51?utm_source=generator&amp;theme=0\" width=\"100%\" height=\"152\" frameborder=\"0\" allowfullscreen=\"allowfullscreen\"><\/iframe>&nbsp;<\/p>\n","protected":false},"excerpt":{"rendered":"<p>Disse-lhe Tom\u00e9: \u201cSenhor meu e Deus meu!\u201d Ent\u00e3o Jesus lhe disse: \u201cPorque me viu, voc\u00ea creu? Felizes os que n\u00e3o viram e creram\u201d. (Jo\u00e3o 20.28-29) Tom\u00e9 disse: \u201cSe eu n\u00e3o vir as marcas dos pregos nas suas m\u00e3os, n\u00e3o colocar o meu dedo onde estavam os pregos&#8230; n\u00e3o crerei\u201d (Jo 20.25). Isto aconteceu no escurecer [&hellip;]<\/p>\n","protected":false},"author":21,"featured_media":10973,"comment_status":"open","ping_status":"open","sticky":false,"template":"","format":"standard","meta":{"ngg_post_thumbnail":0,"footnotes":""},"categories":[5655],"tags":[],"class_list":["post-11014","post","type-post","status-publish","format-standard","has-post-thumbnail","hentry","category-j-i-packer"],"publishpress_future_action":{"enabled":false,"date":"2026-05-04 14:02:29","action":"change-status","newStatus":"draft","terms":[],"taxonomy":"category","extraData":[]},"publishpress_future_workflow_manual_trigger":{"enabledWorkflows":[]},"_links":{"self":[{"href":"https:\/\/ultimato.com.br\/sites\/devocional-diaria\/wp-json\/wp\/v2\/posts\/11014","targetHints":{"allow":["GET"]}}],"collection":[{"href":"https:\/\/ultimato.com.br\/sites\/devocional-diaria\/wp-json\/wp\/v2\/posts"}],"about":[{"href":"https:\/\/ultimato.com.br\/sites\/devocional-diaria\/wp-json\/wp\/v2\/types\/post"}],"author":[{"embeddable":true,"href":"https:\/\/ultimato.com.br\/sites\/devocional-diaria\/wp-json\/wp\/v2\/users\/21"}],"replies":[{"embeddable":true,"href":"https:\/\/ultimato.com.br\/sites\/devocional-diaria\/wp-json\/wp\/v2\/comments?post=11014"}],"version-history":[{"count":1,"href":"https:\/\/ultimato.com.br\/sites\/devocional-diaria\/wp-json\/wp\/v2\/posts\/11014\/revisions"}],"predecessor-version":[{"id":11015,"href":"https:\/\/ultimato.com.br\/sites\/devocional-diaria\/wp-json\/wp\/v2\/posts\/11014\/revisions\/11015"}],"wp:featuredmedia":[{"embeddable":true,"href":"https:\/\/ultimato.com.br\/sites\/devocional-diaria\/wp-json\/wp\/v2\/media\/10973"}],"wp:attachment":[{"href":"https:\/\/ultimato.com.br\/sites\/devocional-diaria\/wp-json\/wp\/v2\/media?parent=11014"}],"wp:term":[{"taxonomy":"category","embeddable":true,"href":"https:\/\/ultimato.com.br\/sites\/devocional-diaria\/wp-json\/wp\/v2\/categories?post=11014"},{"taxonomy":"post_tag","embeddable":true,"href":"https:\/\/ultimato.com.br\/sites\/devocional-diaria\/wp-json\/wp\/v2\/tags?post=11014"}],"curies":[{"name":"wp","href":"https:\/\/api.w.org\/{rel}","templated":true}]}}