{"id":11012,"date":"2024-02-15T00:00:42","date_gmt":"2024-02-15T03:00:42","guid":{"rendered":"https:\/\/ultimato.com.br\/sites\/devocional-diaria\/?p=11012"},"modified":"2024-02-08T07:51:05","modified_gmt":"2024-02-08T10:51:05","slug":"nada-de-decepcao-2","status":"publish","type":"post","link":"https:\/\/ultimato.com.br\/sites\/devocional-diaria\/2024\/02\/15\/autor\/elben-cesar\/nada-de-decepcao-2\/","title":{"rendered":"Nada de decep\u00e7\u00e3o"},"content":{"rendered":"<p>Nenhum dos que esperam em ti ficar\u00e1 decepcionado. (Sl 25.3) &nbsp;Em sua miseric\u00f3rdia, Deus nos deixa livres para falar qualquer coisa com ele quando entramos no Santo dos Santos. A prova disso s\u00e3o o livro de J\u00f3 e os Salmos.<\/p>\n<p>Uma dessas s\u00faplicas muito francas aparece no Salmo 25: \u201cN\u00e3o me deixes decepcionado, pois eu me refugio em ti\u201d (v. 20).&nbsp;<\/p>\n<p>Quando a alma est\u00e1 perturbada ante o sofrimento e n\u00e3o consegue con\u00adciliar a dor que est\u00e1 sentindo com a f\u00e9 que carrega no cora\u00e7\u00e3o, um dos ca\u00adminhos de sobreviv\u00eancia \u00e9 colocar para fora o que est\u00e1 l\u00e1 dentro, por meio da palavra aud\u00edvel ou silenciosa. &nbsp;<\/p>\n<p>\u00c9 melhor falar do que ficar calado. \u00c9 melhor jogar a tristeza fora do que arquiv\u00e1-la. \u00c9 melhor chorar do que fingir alegria. \u00c9 melhor manter o semblante triste por mais um pouco do que sorrir artificialmente. \u00c9 melhor desabafar do que abafar. \u00c9 melhor falar de mais do que de menos. \u00c9 melhor orar \u201cN\u00e3o me deixes decepcionado\u201d do que acusar \u201cDeus n\u00e3o me valeu de nada\u201d. &nbsp;<\/p>\n<p>No fundo, o salmista sabia que Deus n\u00e3o o decepcionaria. No in\u00edcio do mesmo salmo, ele havia feito sua profiss\u00e3o de f\u00e9: \u201cNenhum dos que esperam em ti ficar\u00e1 decepcionado; decepcionados ficar\u00e3o aqueles que, sem motivo, agem trai\u00e7oeiramente (Sl 25.3).<strong>&nbsp;<\/strong><\/p>\n<p><strong>&nbsp;<\/strong><\/p>\n<p><strong>&gt;&gt; Retirado de&nbsp;<\/strong><a href=\"https:\/\/loja.ultimato.com.br\/livros\/um-ano-com-os-salmos-2ed\"><strong><em>Um Ano com os Salmos<\/em><\/strong><\/a><strong> [Elben C\u00e9sar]. <\/strong><strong>Editora Ultimato.<\/strong><strong>&nbsp;<\/strong><\/p>\n<p>Ou\u00e7a e compartilhe nossas devocionais pelo <a href=\"https:\/\/open.spotify.com\/show\/7CG8DL9dgWZEgPzX3rnk51?si=1dbGejI2TQS16eamNjb2rA\">Spotify<\/a>!<\/p>\n<p><iframe loading=\"lazy\" style=\"border-radius: 12px;\" src=\"https:\/\/open.spotify.com\/embed\/show\/7CG8DL9dgWZEgPzX3rnk51?utm_source=generator&amp;theme=0\" width=\"100%\" height=\"152\" frameborder=\"0\" allowfullscreen=\"allowfullscreen\"><\/iframe>&nbsp;<\/p>\n","protected":false},"excerpt":{"rendered":"<p>Nenhum dos que esperam em ti ficar\u00e1 decepcionado. (Sl 25.3) &nbsp;Em sua miseric\u00f3rdia, Deus nos deixa livres para falar qualquer coisa com ele quando entramos no Santo dos Santos. A prova disso s\u00e3o o livro de J\u00f3 e os Salmos. Uma dessas s\u00faplicas muito francas aparece no Salmo 25: \u201cN\u00e3o me deixes decepcionado, pois eu [&hellip;]<\/p>\n","protected":false},"author":21,"featured_media":10977,"comment_status":"open","ping_status":"open","sticky":false,"template":"","format":"standard","meta":{"ngg_post_thumbnail":0,"footnotes":""},"categories":[5478],"tags":[],"class_list":["post-11012","post","type-post","status-publish","format-standard","has-post-thumbnail","hentry","category-elben-cesar"],"publishpress_future_action":{"enabled":false,"date":"2026-05-04 12:31:40","action":"change-status","newStatus":"draft","terms":[],"taxonomy":"category","extraData":[]},"publishpress_future_workflow_manual_trigger":{"enabledWorkflows":[]},"_links":{"self":[{"href":"https:\/\/ultimato.com.br\/sites\/devocional-diaria\/wp-json\/wp\/v2\/posts\/11012","targetHints":{"allow":["GET"]}}],"collection":[{"href":"https:\/\/ultimato.com.br\/sites\/devocional-diaria\/wp-json\/wp\/v2\/posts"}],"about":[{"href":"https:\/\/ultimato.com.br\/sites\/devocional-diaria\/wp-json\/wp\/v2\/types\/post"}],"author":[{"embeddable":true,"href":"https:\/\/ultimato.com.br\/sites\/devocional-diaria\/wp-json\/wp\/v2\/users\/21"}],"replies":[{"embeddable":true,"href":"https:\/\/ultimato.com.br\/sites\/devocional-diaria\/wp-json\/wp\/v2\/comments?post=11012"}],"version-history":[{"count":1,"href":"https:\/\/ultimato.com.br\/sites\/devocional-diaria\/wp-json\/wp\/v2\/posts\/11012\/revisions"}],"predecessor-version":[{"id":11013,"href":"https:\/\/ultimato.com.br\/sites\/devocional-diaria\/wp-json\/wp\/v2\/posts\/11012\/revisions\/11013"}],"wp:featuredmedia":[{"embeddable":true,"href":"https:\/\/ultimato.com.br\/sites\/devocional-diaria\/wp-json\/wp\/v2\/media\/10977"}],"wp:attachment":[{"href":"https:\/\/ultimato.com.br\/sites\/devocional-diaria\/wp-json\/wp\/v2\/media?parent=11012"}],"wp:term":[{"taxonomy":"category","embeddable":true,"href":"https:\/\/ultimato.com.br\/sites\/devocional-diaria\/wp-json\/wp\/v2\/categories?post=11012"},{"taxonomy":"post_tag","embeddable":true,"href":"https:\/\/ultimato.com.br\/sites\/devocional-diaria\/wp-json\/wp\/v2\/tags?post=11012"}],"curies":[{"name":"wp","href":"https:\/\/api.w.org\/{rel}","templated":true}]}}