{"id":11007,"date":"2024-02-09T00:00:28","date_gmt":"2024-02-09T03:00:28","guid":{"rendered":"https:\/\/ultimato.com.br\/sites\/devocional-diaria\/?p=11007"},"modified":"2024-02-06T11:55:11","modified_gmt":"2024-02-06T14:55:11","slug":"um-coracao-agradecido-2","status":"publish","type":"post","link":"https:\/\/ultimato.com.br\/sites\/devocional-diaria\/2024\/02\/09\/autor\/um-coracao-agradecido-2\/","title":{"rendered":"Um cora\u00e7\u00e3o agradecido"},"content":{"rendered":"<p>N\u00e3o se achou nenhum que voltasse e desse louvor a Deus, a n\u00e3o ser este estrangeiro? (Lucas 17.18)<\/p>\n<p>Vidas apressadas \u00e9 o que temos. Corremos para alcan\u00e7ar metas, obter&nbsp;resultados, atender expectativas. Quanto \u00e9 suficiente? Afligimo-nos com&nbsp;as frustra\u00e7\u00f5es pelo caminho. Ansiamos por nos preparar melhor para&nbsp;conseguirmos mais. N\u00e3o percebemos quanto isso est\u00e1 enraizado em nosso ser,&nbsp;quanto isso nos move. E na sociedade de consumo em que vivemos, quando&nbsp;conseguimos algo, logo isso perde valor. Ent\u00e3o voltamos nosso desejo para&nbsp;outra coisa. Queremos sempre mais.&nbsp;<\/p>\n<p>Jesus estava em viagem, rumo a Jerusal\u00e9m. Entrou num povoado. Um grupo&nbsp;de dez leprosos mantinha certa dist\u00e2ncia, mas, ao ver Jesus, gritou: \u201cJesus,&nbsp;tem miseric\u00f3rdia de n\u00f3s\u201d. Jesus, ent\u00e3o, falou para os doentes se apresentarem&nbsp;ao sacerdote. Para a surpresa do grupo, no caminho eles foram curados.&nbsp;E um deles voltou, segundo o registro b\u00edblico, \u201clouvando a Deus em alta voz\u201d&nbsp;(Lc 17.15). Ele tamb\u00e9m \u201cprostrou-se aos p\u00e9s de Jesus e lhe agradeceu\u201d (v. 16).&nbsp;<\/p>\n<p>Cristo perguntou onde estavam os outros nove do grupo, uma vez que&nbsp;todos haviam sido curados. Jesus notou que a gratid\u00e3o era escassa. Deseja-se&nbsp;tanto algo, mas, assim que se consegue, \u201ca vida continua\u201d, \u201co que importa \u00e9&nbsp;olhar para adiante\u201d, \u201cn\u00e3o vale a pena perder mais tempo\u201d, \u201c\u00e9 preciso recuperar&nbsp;a vida e o tempo perdido\u201d. Esse \u00e9 um tipo de racioc\u00ednio frequente em quem&nbsp;tem muito a alcan\u00e7ar. Mal se saboreiam as vit\u00f3rias, afinal, a guerra ainda n\u00e3o&nbsp;acabou. Por\u00e9m, algo provavelmente est\u00e1 errado quando estimamos mais os&nbsp;resultados do que Deus.&nbsp;<\/p>\n<p>A miseric\u00f3rdia chegou, curou o corpo e, naquele \u00fanico ex-leproso agradecido,&nbsp;curou tamb\u00e9m a alma. Tanto que Jesus disse a ele: \u201cLevante-se e v\u00e1; a&nbsp;sua f\u00e9 o salvou\u201d (v. 19).&nbsp;<\/p>\n<p>Pouco pensamos sobre a gratid\u00e3o como um tratamento para a alma.&nbsp;Corremos tanto que mal nos sobra tempo para nos voltarmos a Deus em&nbsp;gratid\u00e3o, para louvarmos ao Senhor por sua miseric\u00f3rdia. Talvez isso ocorra&nbsp;porque valorizamos mais nossos m\u00e9ritos, nosso esfor\u00e7o e nossas ideias do&nbsp;que a bondade de Deus, sua gra\u00e7a e compaix\u00e3o.&nbsp;<\/p>\n<p>Senhor, deste-me tanto. D\u00e1-me uma coisa a mais: um cora\u00e7\u00e3o agradecido.&nbsp;\u2013 George Herbert<strong>&nbsp;<\/strong><\/p>\n<p><strong>&nbsp;<\/strong><\/p>\n<p><strong>&gt;&gt; Retirado de&nbsp;<\/strong><a href=\"https:\/\/loja.ultimato.com.br\/livros\/refeicoes-diarias-celebrando-a-reconciliacao\"><strong><em>Refei\u00e7\u00f5es Di\u00e1rias \u2013 Celebrando a Reconcilia\u00e7\u00e3o<\/em><\/strong><\/a><strong>. <\/strong><strong>Editora Ultimato.<\/strong><\/p>\n<p>Ou\u00e7a e compartilhe nossas devocionais pelo <a href=\"https:\/\/open.spotify.com\/show\/7CG8DL9dgWZEgPzX3rnk51?si=1dbGejI2TQS16eamNjb2rA\">Spotify<\/a>!<\/p>\n<p><iframe loading=\"lazy\" style=\"border-radius: 12px;\" src=\"https:\/\/open.spotify.com\/embed\/show\/7CG8DL9dgWZEgPzX3rnk51?utm_source=generator&amp;theme=0\" width=\"100%\" height=\"152\" frameborder=\"0\" allowfullscreen=\"allowfullscreen\"><\/iframe>&nbsp;<\/p>\n","protected":false},"excerpt":{"rendered":"<p>N\u00e3o se achou nenhum que voltasse e desse louvor a Deus, a n\u00e3o ser este estrangeiro? (Lucas 17.18) Vidas apressadas \u00e9 o que temos. Corremos para alcan\u00e7ar metas, obter&nbsp;resultados, atender expectativas. Quanto \u00e9 suficiente? Afligimo-nos com&nbsp;as frustra\u00e7\u00f5es pelo caminho. Ansiamos por nos preparar melhor para&nbsp;conseguirmos mais. N\u00e3o percebemos quanto isso est\u00e1 enraizado em nosso ser,&nbsp;quanto [&hellip;]<\/p>\n","protected":false},"author":21,"featured_media":10973,"comment_status":"open","ping_status":"open","sticky":false,"template":"","format":"standard","meta":{"ngg_post_thumbnail":0,"footnotes":""},"categories":[5244],"tags":[],"class_list":["post-11007","post","type-post","status-publish","format-standard","has-post-thumbnail","hentry","category-autor"],"publishpress_future_action":{"enabled":false,"date":"2026-05-04 13:56:49","action":"change-status","newStatus":"draft","terms":[],"taxonomy":"category","extraData":[]},"publishpress_future_workflow_manual_trigger":{"enabledWorkflows":[]},"_links":{"self":[{"href":"https:\/\/ultimato.com.br\/sites\/devocional-diaria\/wp-json\/wp\/v2\/posts\/11007","targetHints":{"allow":["GET"]}}],"collection":[{"href":"https:\/\/ultimato.com.br\/sites\/devocional-diaria\/wp-json\/wp\/v2\/posts"}],"about":[{"href":"https:\/\/ultimato.com.br\/sites\/devocional-diaria\/wp-json\/wp\/v2\/types\/post"}],"author":[{"embeddable":true,"href":"https:\/\/ultimato.com.br\/sites\/devocional-diaria\/wp-json\/wp\/v2\/users\/21"}],"replies":[{"embeddable":true,"href":"https:\/\/ultimato.com.br\/sites\/devocional-diaria\/wp-json\/wp\/v2\/comments?post=11007"}],"version-history":[{"count":1,"href":"https:\/\/ultimato.com.br\/sites\/devocional-diaria\/wp-json\/wp\/v2\/posts\/11007\/revisions"}],"predecessor-version":[{"id":11008,"href":"https:\/\/ultimato.com.br\/sites\/devocional-diaria\/wp-json\/wp\/v2\/posts\/11007\/revisions\/11008"}],"wp:featuredmedia":[{"embeddable":true,"href":"https:\/\/ultimato.com.br\/sites\/devocional-diaria\/wp-json\/wp\/v2\/media\/10973"}],"wp:attachment":[{"href":"https:\/\/ultimato.com.br\/sites\/devocional-diaria\/wp-json\/wp\/v2\/media?parent=11007"}],"wp:term":[{"taxonomy":"category","embeddable":true,"href":"https:\/\/ultimato.com.br\/sites\/devocional-diaria\/wp-json\/wp\/v2\/categories?post=11007"},{"taxonomy":"post_tag","embeddable":true,"href":"https:\/\/ultimato.com.br\/sites\/devocional-diaria\/wp-json\/wp\/v2\/tags?post=11007"}],"curies":[{"name":"wp","href":"https:\/\/api.w.org\/{rel}","templated":true}]}}