{"id":11005,"date":"2024-02-08T00:00:18","date_gmt":"2024-02-08T03:00:18","guid":{"rendered":"https:\/\/ultimato.com.br\/sites\/devocional-diaria\/?p=11005"},"modified":"2024-02-06T11:51:13","modified_gmt":"2024-02-06T14:51:13","slug":"louvor-continuo-4","status":"publish","type":"post","link":"https:\/\/ultimato.com.br\/sites\/devocional-diaria\/2024\/02\/08\/autor\/elben-cesar\/louvor-continuo-4\/","title":{"rendered":"Louvor cont\u00ednuo"},"content":{"rendered":"<p>Bendirei o Senhor o tempo todo! Os meus l\u00e1bios sempre o louvar\u00e3o. (Sl 34.1)<\/p>\n<p>Uma vez e outra \u00e9 bem mais f\u00e1cil. Em ocasi\u00f5es de intenso regozijo \u00e9 bem mais f\u00e1cil. Depois de um livramento espetacular \u00e9 bem mais f\u00e1cil. No dia da cura, no dia da formatura, no dia do casamento, no dia do nascimento do primeiro filho, no dia da aposentadoria, no dia da homenagem p\u00fablica \u2013 \u00e9 bem mais f\u00e1cil. Mas todo o tempo \u00e9 bem mais dif\u00edcil. &nbsp;<\/p>\n<p>Todavia foi essa a decis\u00e3o do salmista, logo ap\u00f3s ter se livrado do rei dos filisteus: \u201cBendirei o Senhor <em>o tempo todo<\/em>! Os meus l\u00e1bios <em>sempre <\/em>o louvar\u00e3o\u201d (Sl 34.1). &nbsp;<\/p>\n<p>A decis\u00e3o de apresentar um louvor cont\u00ednuo nasceu depois de uma dessas manifesta\u00e7\u00f5es vis\u00edveis da miseric\u00f3rdia divina. A exalta\u00e7\u00e3o cont\u00ed\u00adnua do nome de Deus \u00e9 a mais rica forma de gratid\u00e3o que o ser humano pode oferecer ao seu libertador. Ela acontece sempre: no dia do interna\u00admento e no dia da alta, no dia do casamento e no dia da viuvez, no dia da abund\u00e2ncia e no dia da escassez. A arte de bendizer o Senhor o tempo todo depende do grau de conhecimento do car\u00e1ter s\u00e1bio e misericordioso de Deus. &nbsp;<\/p>\n<p>Uma das pessoas que estava no templo quando, completado o resguardo de Maria, o menino Jesus foi apresentado era uma senhora muito idosa, da qual se diz que \u201cadorava a Deus jejuando e orando dia e noite\u201d (Lc 2.37).<\/p>\n<p>&nbsp;<\/p>\n<p><strong>&gt;&gt; Retirado de&nbsp;<\/strong><a href=\"https:\/\/loja.ultimato.com.br\/livros\/um-ano-com-os-salmos-2ed\"><strong><em>Um Ano com os Salmos<\/em><\/strong><\/a><strong> [Elben C\u00e9sar]. <\/strong><strong>Editora Ultimato.<\/strong><strong>&nbsp;<\/strong><\/p>\n<p>Ou\u00e7a e compartilhe nossas devocionais pelo <a href=\"https:\/\/open.spotify.com\/show\/7CG8DL9dgWZEgPzX3rnk51?si=1dbGejI2TQS16eamNjb2rA\">Spotify<\/a>!<\/p>\n<p><iframe loading=\"lazy\" style=\"border-radius: 12px;\" src=\"https:\/\/open.spotify.com\/embed\/show\/7CG8DL9dgWZEgPzX3rnk51?utm_source=generator&amp;theme=0\" width=\"100%\" height=\"152\" frameborder=\"0\" allowfullscreen=\"allowfullscreen\"><\/iframe>&nbsp;<\/p>\n","protected":false},"excerpt":{"rendered":"<p>Bendirei o Senhor o tempo todo! Os meus l\u00e1bios sempre o louvar\u00e3o. (Sl 34.1) Uma vez e outra \u00e9 bem mais f\u00e1cil. Em ocasi\u00f5es de intenso regozijo \u00e9 bem mais f\u00e1cil. Depois de um livramento espetacular \u00e9 bem mais f\u00e1cil. No dia da cura, no dia da formatura, no dia do casamento, no dia do [&hellip;]<\/p>\n","protected":false},"author":21,"featured_media":10977,"comment_status":"open","ping_status":"open","sticky":false,"template":"","format":"standard","meta":{"ngg_post_thumbnail":0,"footnotes":""},"categories":[5478],"tags":[],"class_list":["post-11005","post","type-post","status-publish","format-standard","has-post-thumbnail","hentry","category-elben-cesar"],"publishpress_future_action":{"enabled":false,"date":"2026-05-04 12:30:55","action":"change-status","newStatus":"draft","terms":[],"taxonomy":"category","extraData":[]},"publishpress_future_workflow_manual_trigger":{"enabledWorkflows":[]},"_links":{"self":[{"href":"https:\/\/ultimato.com.br\/sites\/devocional-diaria\/wp-json\/wp\/v2\/posts\/11005","targetHints":{"allow":["GET"]}}],"collection":[{"href":"https:\/\/ultimato.com.br\/sites\/devocional-diaria\/wp-json\/wp\/v2\/posts"}],"about":[{"href":"https:\/\/ultimato.com.br\/sites\/devocional-diaria\/wp-json\/wp\/v2\/types\/post"}],"author":[{"embeddable":true,"href":"https:\/\/ultimato.com.br\/sites\/devocional-diaria\/wp-json\/wp\/v2\/users\/21"}],"replies":[{"embeddable":true,"href":"https:\/\/ultimato.com.br\/sites\/devocional-diaria\/wp-json\/wp\/v2\/comments?post=11005"}],"version-history":[{"count":1,"href":"https:\/\/ultimato.com.br\/sites\/devocional-diaria\/wp-json\/wp\/v2\/posts\/11005\/revisions"}],"predecessor-version":[{"id":11006,"href":"https:\/\/ultimato.com.br\/sites\/devocional-diaria\/wp-json\/wp\/v2\/posts\/11005\/revisions\/11006"}],"wp:featuredmedia":[{"embeddable":true,"href":"https:\/\/ultimato.com.br\/sites\/devocional-diaria\/wp-json\/wp\/v2\/media\/10977"}],"wp:attachment":[{"href":"https:\/\/ultimato.com.br\/sites\/devocional-diaria\/wp-json\/wp\/v2\/media?parent=11005"}],"wp:term":[{"taxonomy":"category","embeddable":true,"href":"https:\/\/ultimato.com.br\/sites\/devocional-diaria\/wp-json\/wp\/v2\/categories?post=11005"},{"taxonomy":"post_tag","embeddable":true,"href":"https:\/\/ultimato.com.br\/sites\/devocional-diaria\/wp-json\/wp\/v2\/tags?post=11005"}],"curies":[{"name":"wp","href":"https:\/\/api.w.org\/{rel}","templated":true}]}}