{"id":10999,"date":"2024-02-06T00:00:57","date_gmt":"2024-02-06T03:00:57","guid":{"rendered":"https:\/\/ultimato.com.br\/sites\/devocional-diaria\/?p=10999"},"modified":"2024-02-05T09:25:17","modified_gmt":"2024-02-05T12:25:17","slug":"o-carregador-e-o-bode-expiatorio-3","status":"publish","type":"post","link":"https:\/\/ultimato.com.br\/sites\/devocional-diaria\/2024\/02\/06\/autor\/elben-cesar\/o-carregador-e-o-bode-expiatorio-3\/","title":{"rendered":"O carregador e o bode expiat\u00f3rio"},"content":{"rendered":"<p>Ele recebeu o castigo, e isso nos restaurou. Por meio das feridas dele, somos curados. (Is 53.5)<\/p>\n<p>Em poucas palavras, o salmista resume o que Deus fez pelo povo de Israel&nbsp;quando o tirou da terra do Egito, da opress\u00e3o de Fara\u00f3: \u201cTirei o peso dos&nbsp;seus ombros: suas m\u00e3os ficaram livres dos cestos de cargas\u201d (Sl 81.6).&nbsp;<\/p>\n<p>Esse vers\u00edculo ajuda a entender e real\u00e7a a obra vic\u00e1ria de Jesus Cristo:&nbsp;\u201cComo ovelhas est\u00e1vamos todos perdidos, cada qual ia em frente por seu&nbsp;caminho. Foi ent\u00e3o que o Senhor <em>fez cair sobre ele o peso dos pecados de todos&nbsp;n\u00f3s<\/em>\u201d (Is 53.6).&nbsp;<\/p>\n<p>Deus tira de sobre o homem o peso insuport\u00e1vel que as for\u00e7as opressoras&nbsp;colocam em cima de seus ombros e coloca sobre os ombros do seu Filho o&nbsp;peso insuport\u00e1vel do pecado que ele tirou de n\u00f3s.&nbsp;<\/p>\n<p>Feito literalmente nosso <em>carregador <\/em>(aquele que carrega a bagagem, no&nbsp;caso, os nossos muitos pecados), Jesus se faz tamb\u00e9m nosso <em>bode expiat\u00f3rio&nbsp;<\/em>(aquele sobre quem se fazia recair as culpas alheias, no caso, nossas pr\u00f3prias).&nbsp;Assim, o perd\u00e3o, a justifica\u00e7\u00e3o e a salva\u00e7\u00e3o tornam-se mais do que vi\u00e1veis.&nbsp;Tornam-se fatos concretos.&nbsp;<\/p>\n<p>Retirar de Jesus essa qualidade redentora \u00e9 reduzir a nada o cristianismo,&nbsp;\u00e9 jogar no lixo e no esquecimento as boas not\u00edcias de que falou o anjo no&nbsp;dia do primeiro Natal.&nbsp;<\/p>\n<p>Se foi assim que Deus quis redimir-nos, ningu\u00e9m pode pregar outro&nbsp;evangelho porque outro n\u00e3o existe. Em Jesus voc\u00ea pode confiar.<strong>&nbsp;<\/strong><\/p>\n<p><strong>&nbsp;<\/strong><\/p>\n<p><strong>&gt;&gt; Retirado de&nbsp;<\/strong><a href=\"https:\/\/loja.ultimato.com.br\/livros\/cuide-das-raizes-espere-pelos-frutos\"><strong><em>Cuide das Ra\u00edzes, Espere pelos Frutos<\/em><\/strong><strong>,<\/strong><\/a><strong> [Elben C\u00e9sar]. <\/strong><strong>Editora Ultimato.<\/strong><\/p>\n<p>Ou\u00e7a e compartilhe nossas devocionais pelo <a href=\"https:\/\/open.spotify.com\/show\/7CG8DL9dgWZEgPzX3rnk51?si=1dbGejI2TQS16eamNjb2rA\">Spotify<\/a>!<\/p>\n<p><iframe loading=\"lazy\" style=\"border-radius: 12px;\" src=\"https:\/\/open.spotify.com\/embed\/show\/7CG8DL9dgWZEgPzX3rnk51?utm_source=generator&amp;theme=0\" width=\"100%\" height=\"152\" frameborder=\"0\" allowfullscreen=\"allowfullscreen\"><\/iframe>&nbsp;<\/p>\n","protected":false},"excerpt":{"rendered":"<p>Ele recebeu o castigo, e isso nos restaurou. Por meio das feridas dele, somos curados. (Is 53.5) Em poucas palavras, o salmista resume o que Deus fez pelo povo de Israel&nbsp;quando o tirou da terra do Egito, da opress\u00e3o de Fara\u00f3: \u201cTirei o peso dos&nbsp;seus ombros: suas m\u00e3os ficaram livres dos cestos de cargas\u201d (Sl [&hellip;]<\/p>\n","protected":false},"author":21,"featured_media":10979,"comment_status":"open","ping_status":"open","sticky":false,"template":"","format":"standard","meta":{"ngg_post_thumbnail":0,"footnotes":""},"categories":[5478],"tags":[],"class_list":["post-10999","post","type-post","status-publish","format-standard","has-post-thumbnail","hentry","category-elben-cesar"],"publishpress_future_action":{"enabled":false,"date":"2026-05-05 09:30:17","action":"change-status","newStatus":"draft","terms":[],"taxonomy":"category","extraData":[]},"publishpress_future_workflow_manual_trigger":{"enabledWorkflows":[]},"_links":{"self":[{"href":"https:\/\/ultimato.com.br\/sites\/devocional-diaria\/wp-json\/wp\/v2\/posts\/10999","targetHints":{"allow":["GET"]}}],"collection":[{"href":"https:\/\/ultimato.com.br\/sites\/devocional-diaria\/wp-json\/wp\/v2\/posts"}],"about":[{"href":"https:\/\/ultimato.com.br\/sites\/devocional-diaria\/wp-json\/wp\/v2\/types\/post"}],"author":[{"embeddable":true,"href":"https:\/\/ultimato.com.br\/sites\/devocional-diaria\/wp-json\/wp\/v2\/users\/21"}],"replies":[{"embeddable":true,"href":"https:\/\/ultimato.com.br\/sites\/devocional-diaria\/wp-json\/wp\/v2\/comments?post=10999"}],"version-history":[{"count":1,"href":"https:\/\/ultimato.com.br\/sites\/devocional-diaria\/wp-json\/wp\/v2\/posts\/10999\/revisions"}],"predecessor-version":[{"id":11000,"href":"https:\/\/ultimato.com.br\/sites\/devocional-diaria\/wp-json\/wp\/v2\/posts\/10999\/revisions\/11000"}],"wp:featuredmedia":[{"embeddable":true,"href":"https:\/\/ultimato.com.br\/sites\/devocional-diaria\/wp-json\/wp\/v2\/media\/10979"}],"wp:attachment":[{"href":"https:\/\/ultimato.com.br\/sites\/devocional-diaria\/wp-json\/wp\/v2\/media?parent=10999"}],"wp:term":[{"taxonomy":"category","embeddable":true,"href":"https:\/\/ultimato.com.br\/sites\/devocional-diaria\/wp-json\/wp\/v2\/categories?post=10999"},{"taxonomy":"post_tag","embeddable":true,"href":"https:\/\/ultimato.com.br\/sites\/devocional-diaria\/wp-json\/wp\/v2\/tags?post=10999"}],"curies":[{"name":"wp","href":"https:\/\/api.w.org\/{rel}","templated":true}]}}