{"id":10988,"date":"2024-02-01T07:12:34","date_gmt":"2024-02-01T10:12:34","guid":{"rendered":"https:\/\/ultimato.com.br\/sites\/devocional-diaria\/?p=10988"},"modified":"2024-02-01T07:13:02","modified_gmt":"2024-02-01T10:13:02","slug":"quando-a-colheita-supera-todas-as-expectativas","status":"publish","type":"post","link":"https:\/\/ultimato.com.br\/sites\/devocional-diaria\/2024\/02\/01\/autor\/eugene-h-peterson\/quando-a-colheita-supera-todas-as-expectativas\/","title":{"rendered":"Quando a colheita supera todas as expectativas"},"content":{"rendered":"<p><em>Reflitam sobre a hist\u00f3ria do agricultor e as sementes. Quando&nbsp;algu\u00e9m ouve as novas do Reino e n\u00e3o se apropria delas, elas&nbsp;permanecem na superf\u00edcie, ent\u00e3o vem o Maligno e as arranca do&nbsp;cora\u00e7\u00e3o do ouvinte. Essa \u00e9 a semente que o agricultor espalhou&nbsp;pela estrada. A semente lan\u00e7ada nos pedregulhos corresponde&nbsp;\u00e0quele que ouve e instantaneamente recebe a mensagem com&nbsp;grande entusiasmo, mas a Palavra n\u00e3o cria ra\u00edzes [&#8230;] A&nbsp;semente lan\u00e7ada no meio das ervas daninhas \u00e9 aquele que ouve&nbsp;a mensagem do Reino, mas \u00e9 vencido pela preocupa\u00e7\u00e3o e pela&nbsp;ilus\u00e3o de manter o que tem e de ganhar mais. A mensagem \u00e9&nbsp;sufocada, e n\u00e3o sobra nada. A semente lan\u00e7ada na terra boa \u00e9 a&nbsp;pessoa que ouve a Palavra e a acolhe, e a colheita supera todas&nbsp;as expectativas.&nbsp;<\/em>(Mateus 13.18-23)<\/p>\n<p>A palavra que Cristo nos dirige d\u00e1 significado a todo&nbsp;aspecto da vida. Entendemos nossas horas vazias e improdutivas&nbsp;como um fracasso no sentido de responder a Cristo,&nbsp;e entendemos nossos dias cheios e f\u00e9rteis como resultado&nbsp;da palavra triunfante de Cristo operando em n\u00f3s.&nbsp;<\/p>\n<p>Que parte da par\u00e1bola voc\u00ea est\u00e1 vivendo hoje?&nbsp;<\/p>\n<p>Pai, interpreta minha vida para mim por meio dessas&nbsp;palavras para que eu possa entender tudo o que acontece&nbsp;hoje em rela\u00e7\u00e3o ao que fizeste, est\u00e1s fazendo e far\u00e1s.&nbsp;N\u00e3o quero avaliar nada em termos de meus esfor\u00e7os,&nbsp;mas apenas \u00e0 luz do teu intento e amor em Jesus Cristo.&nbsp;Am\u00e9m.<strong>&nbsp;<\/strong><\/p>\n<p><strong>&nbsp;<\/strong><\/p>\n<p><strong>&gt;&gt; Retirado de&nbsp;<\/strong><a href=\"https:\/\/loja.ultimato.com.br\/livros\/um-ano-com-jesus\"><strong>Um Ano com Jesus<\/strong><\/a><strong>&nbsp;<\/strong><strong>[Eugene H. Peterson]. <\/strong><strong>Editora Ultimato.<\/strong><\/p>\n<p>Ou\u00e7a as nossas devocionais pelo <a href=\"https:\/\/open.spotify.com\/show\/7CG8DL9dgWZEgPzX3rnk51?si=1dbGejI2TQS16eamNjb2rA\">Spotify<\/a>!<\/p>\n<p><iframe loading=\"lazy\" style=\"border-radius: 12px;\" src=\"https:\/\/open.spotify.com\/embed\/show\/7CG8DL9dgWZEgPzX3rnk51?utm_source=generator&amp;theme=0\" width=\"100%\" height=\"152\" frameborder=\"0\" allowfullscreen=\"allowfullscreen\"><\/iframe>&nbsp;<\/p>\n","protected":false},"excerpt":{"rendered":"<p>Reflitam sobre a hist\u00f3ria do agricultor e as sementes. Quando&nbsp;algu\u00e9m ouve as novas do Reino e n\u00e3o se apropria delas, elas&nbsp;permanecem na superf\u00edcie, ent\u00e3o vem o Maligno e as arranca do&nbsp;cora\u00e7\u00e3o do ouvinte. Essa \u00e9 a semente que o agricultor espalhou&nbsp;pela estrada. A semente lan\u00e7ada nos pedregulhos corresponde&nbsp;\u00e0quele que ouve e instantaneamente recebe a mensagem [&hellip;]<\/p>\n","protected":false},"author":21,"featured_media":10977,"comment_status":"open","ping_status":"open","sticky":false,"template":"","format":"standard","meta":{"ngg_post_thumbnail":0,"footnotes":""},"categories":[17809],"tags":[],"class_list":["post-10988","post","type-post","status-publish","format-standard","has-post-thumbnail","hentry","category-eugene-h-peterson"],"publishpress_future_action":{"enabled":false,"date":"2026-05-04 15:29:23","action":"change-status","newStatus":"draft","terms":[],"taxonomy":"category","extraData":[]},"publishpress_future_workflow_manual_trigger":{"enabledWorkflows":[]},"_links":{"self":[{"href":"https:\/\/ultimato.com.br\/sites\/devocional-diaria\/wp-json\/wp\/v2\/posts\/10988","targetHints":{"allow":["GET"]}}],"collection":[{"href":"https:\/\/ultimato.com.br\/sites\/devocional-diaria\/wp-json\/wp\/v2\/posts"}],"about":[{"href":"https:\/\/ultimato.com.br\/sites\/devocional-diaria\/wp-json\/wp\/v2\/types\/post"}],"author":[{"embeddable":true,"href":"https:\/\/ultimato.com.br\/sites\/devocional-diaria\/wp-json\/wp\/v2\/users\/21"}],"replies":[{"embeddable":true,"href":"https:\/\/ultimato.com.br\/sites\/devocional-diaria\/wp-json\/wp\/v2\/comments?post=10988"}],"version-history":[{"count":1,"href":"https:\/\/ultimato.com.br\/sites\/devocional-diaria\/wp-json\/wp\/v2\/posts\/10988\/revisions"}],"predecessor-version":[{"id":10989,"href":"https:\/\/ultimato.com.br\/sites\/devocional-diaria\/wp-json\/wp\/v2\/posts\/10988\/revisions\/10989"}],"wp:featuredmedia":[{"embeddable":true,"href":"https:\/\/ultimato.com.br\/sites\/devocional-diaria\/wp-json\/wp\/v2\/media\/10977"}],"wp:attachment":[{"href":"https:\/\/ultimato.com.br\/sites\/devocional-diaria\/wp-json\/wp\/v2\/media?parent=10988"}],"wp:term":[{"taxonomy":"category","embeddable":true,"href":"https:\/\/ultimato.com.br\/sites\/devocional-diaria\/wp-json\/wp\/v2\/categories?post=10988"},{"taxonomy":"post_tag","embeddable":true,"href":"https:\/\/ultimato.com.br\/sites\/devocional-diaria\/wp-json\/wp\/v2\/tags?post=10988"}],"curies":[{"name":"wp","href":"https:\/\/api.w.org\/{rel}","templated":true}]}}