{"id":10968,"date":"2024-01-22T00:00:46","date_gmt":"2024-01-22T03:00:46","guid":{"rendered":"https:\/\/ultimato.com.br\/sites\/devocional-diaria\/?p=10968"},"modified":"2024-01-18T10:22:56","modified_gmt":"2024-01-18T13:22:56","slug":"jesus-e-moises","status":"publish","type":"post","link":"https:\/\/ultimato.com.br\/sites\/devocional-diaria\/2024\/01\/22\/autor\/elben-cesar\/jesus-e-moises\/","title":{"rendered":"Jesus e Mois\u00e9s"},"content":{"rendered":"<p>H\u00e1 milhares de judeus que se tornaram crist\u00e3os e todos eles s\u00e3o fi\u00e9is \u00e0 Lei de Mois\u00e9s. (At 21.20)<\/p>\n<p>Milhares de judeus em Jerusal\u00e9m, em Samaria, em Damasco, em Cesareia,&nbsp;em Antioquia, na ilha de Chipre e em v\u00e1rias cidades da \u00c1sia Menor, Maced\u00f4nia&nbsp;e Acaia se tornaram crist\u00e3os, inclusive grande n\u00famero de sacerdotes&nbsp;(6.7). Mas h\u00e1 um detalhe importante para o qual Tiago chama a aten\u00e7\u00e3o de&nbsp;Paulo: apesar de terem aceitado a Jesus como Senhor e Salvador, \u201ctodos eles&nbsp;s\u00e3o fi\u00e9is \u00e0 Lei de Mois\u00e9s\u201d (21.20). Outras vers\u00f5es dizem \u201ctodos eles insistem&nbsp;muito em que os judeus devem continuar a seguir as tradi\u00e7\u00f5es e os costumes&nbsp;judaicos\u201d (NBV) ou \u201cmilhares de judeus abra\u00e7aram a f\u00e9 sem abandonar seu&nbsp;zelo pela lei\u201d (EPC).&nbsp;<\/p>\n<p>Uma coisa, por\u00e9m, estava causando mal-estar nos judeus convertidos&nbsp;residentes na Judeia. Corria em Jerusal\u00e9m a informa\u00e7\u00e3o de que Paulo encorajava&nbsp;os judeus crist\u00e3os da di\u00e1spora a abandonarem a Lei de Mois\u00e9s, a&nbsp;n\u00e3o circuncidarem os seus filhos e a n\u00e3o darem import\u00e2ncia aos costumes&nbsp;judaicos. Para n\u00e3o haver algum problema com esses irm\u00e3os de Jerusal\u00e9m,&nbsp;os presb\u00edteros pediram a Paulo que demonstrasse publicamente que n\u00e3o era&nbsp;exatamente assim. Uma boa maneira de fazer isso era participar da cerim\u00f4nia&nbsp;de purifica\u00e7\u00e3o de quatro judeus crist\u00e3os que haviam feito o voto nazireu. O&nbsp;que de fato aconteceu no segundo dia.&nbsp;<\/p>\n<p>Sem negar e silenciar sua experi\u00eancia pessoal de convers\u00e3o e sem ser hip\u00f3crita,&nbsp;Paulo tinha jogo de cintura. Ele mesmo explica: \u201cQuando estou entre&nbsp;os que est\u00e3o debaixo da Lei, n\u00e3o discuto com eles, embora n\u00e3o concorde,&nbsp;porque desejo ganh\u00e1-los. Quando estou com os que est\u00e3o sem lei, concordo&nbsp;com eles tanto quanto poss\u00edvel, com a exce\u00e7\u00e3o naturalmente de que, como&nbsp;servo de Cristo, eu devo fazer sempre o que \u00e9 correto\u201d (1Co 9.21, NBV).<strong>&nbsp;<\/strong><\/p>\n<p><strong>&nbsp;<\/strong><\/p>\n<p><strong>&gt;&gt; Retirado de&nbsp;<\/strong><a href=\"https:\/\/loja.ultimato.com.br\/livros\/refeicoes-diarias-no-partir-do-pao-e-na-oracao\"><strong><em>Refei\u00e7\u00f5es Di\u00e1rias \u2013 no partir do p\u00e3o e na ora\u00e7\u00e3o<\/em><\/strong><\/a><strong> [Elben C\u00e9sar]. <\/strong><strong>Editora Ultimato.<\/strong><strong>&nbsp;<\/strong><\/p>\n<p>Ou\u00e7a e compartilhe nossas devocionais pelo <a href=\"https:\/\/open.spotify.com\/show\/7CG8DL9dgWZEgPzX3rnk51?si=1dbGejI2TQS16eamNjb2rA\">Spotify<\/a>!<\/p>\n","protected":false},"excerpt":{"rendered":"<p>H\u00e1 milhares de judeus que se tornaram crist\u00e3os e todos eles s\u00e3o fi\u00e9is \u00e0 Lei de Mois\u00e9s. (At 21.20) Milhares de judeus em Jerusal\u00e9m, em Samaria, em Damasco, em Cesareia,&nbsp;em Antioquia, na ilha de Chipre e em v\u00e1rias cidades da \u00c1sia Menor, Maced\u00f4nia&nbsp;e Acaia se tornaram crist\u00e3os, inclusive grande n\u00famero de sacerdotes&nbsp;(6.7). Mas h\u00e1 um [&hellip;]<\/p>\n","protected":false},"author":21,"featured_media":165,"comment_status":"open","ping_status":"open","sticky":false,"template":"","format":"standard","meta":{"ngg_post_thumbnail":0,"footnotes":""},"categories":[5478],"tags":[],"class_list":["post-10968","post","type-post","status-publish","format-standard","has-post-thumbnail","hentry","category-elben-cesar"],"publishpress_future_action":{"enabled":false,"date":"2026-05-04 15:00:19","action":"change-status","newStatus":"draft","terms":[],"taxonomy":"category","extraData":[]},"publishpress_future_workflow_manual_trigger":{"enabledWorkflows":[]},"_links":{"self":[{"href":"https:\/\/ultimato.com.br\/sites\/devocional-diaria\/wp-json\/wp\/v2\/posts\/10968","targetHints":{"allow":["GET"]}}],"collection":[{"href":"https:\/\/ultimato.com.br\/sites\/devocional-diaria\/wp-json\/wp\/v2\/posts"}],"about":[{"href":"https:\/\/ultimato.com.br\/sites\/devocional-diaria\/wp-json\/wp\/v2\/types\/post"}],"author":[{"embeddable":true,"href":"https:\/\/ultimato.com.br\/sites\/devocional-diaria\/wp-json\/wp\/v2\/users\/21"}],"replies":[{"embeddable":true,"href":"https:\/\/ultimato.com.br\/sites\/devocional-diaria\/wp-json\/wp\/v2\/comments?post=10968"}],"version-history":[{"count":1,"href":"https:\/\/ultimato.com.br\/sites\/devocional-diaria\/wp-json\/wp\/v2\/posts\/10968\/revisions"}],"predecessor-version":[{"id":10969,"href":"https:\/\/ultimato.com.br\/sites\/devocional-diaria\/wp-json\/wp\/v2\/posts\/10968\/revisions\/10969"}],"wp:featuredmedia":[{"embeddable":true,"href":"https:\/\/ultimato.com.br\/sites\/devocional-diaria\/wp-json\/wp\/v2\/media\/165"}],"wp:attachment":[{"href":"https:\/\/ultimato.com.br\/sites\/devocional-diaria\/wp-json\/wp\/v2\/media?parent=10968"}],"wp:term":[{"taxonomy":"category","embeddable":true,"href":"https:\/\/ultimato.com.br\/sites\/devocional-diaria\/wp-json\/wp\/v2\/categories?post=10968"},{"taxonomy":"post_tag","embeddable":true,"href":"https:\/\/ultimato.com.br\/sites\/devocional-diaria\/wp-json\/wp\/v2\/tags?post=10968"}],"curies":[{"name":"wp","href":"https:\/\/api.w.org\/{rel}","templated":true}]}}