{"id":10960,"date":"2024-01-19T00:00:10","date_gmt":"2024-01-19T03:00:10","guid":{"rendered":"https:\/\/ultimato.com.br\/sites\/devocional-diaria\/?p=10960"},"modified":"2024-01-18T10:18:33","modified_gmt":"2024-01-18T13:18:33","slug":"o-pai-espiritual-dos-que-creem-2","status":"publish","type":"post","link":"https:\/\/ultimato.com.br\/sites\/devocional-diaria\/2024\/01\/19\/autor\/elben-cesar\/o-pai-espiritual-dos-que-creem-2\/","title":{"rendered":"O pai espiritual dos que creem"},"content":{"rendered":"<p>Veja como a sua f\u00e9 e as suas a\u00e7\u00f5es agiram juntas. Por meio de suas a\u00e7\u00f5es,&nbsp;a sua f\u00e9 se tornou completa. (Tg 2.22)&nbsp;Abra\u00e3o \u00e9 chamado de pai espiritual \u201cde todos os que creem em Deus e s\u00e3o&nbsp;aceitos\u201d (Rm 4.11). O que salva n\u00e3o \u00e9 a circuncis\u00e3o, mas a f\u00e9. Sem f\u00e9, os&nbsp;circuncidados podem ir para o inferno; com f\u00e9, os n\u00e3o circuncidados podem&nbsp;ir para o para\u00edso! Da\u00ed a import\u00e2ncia capital da f\u00e9.&nbsp;<\/p>\n<p>Abra\u00e3o n\u00e3o nasceu cheio de f\u00e9. Mas foi crescendo na f\u00e9. Por falta de f\u00e9,&nbsp;ele e Sara cometeram alguns erros. No entanto, foram se corrigindo, se aprimorando&nbsp;na f\u00e9. Para ajud\u00e1-los nessa caminhada, Deus exigia cada vez mais&nbsp;f\u00e9. E esse m\u00e9todo deu certo. Entre a promessa e o cumprimento dela houve a&nbsp;demora de um quarto de s\u00e9culo. Por\u00e9m, n\u00e3o era s\u00f3 a demora que incomodava&nbsp;Abra\u00e3o e a sua mulher.&nbsp;<\/p>\n<p>Eram as complica\u00e7\u00f5es que a demora causavam. Ambos estavam envelhecendo&nbsp;e se aproximando a olhos vistos cada vez mais da barreira depois da&nbsp;qual a gravidez \u00e9 totalmente imposs\u00edvel. Mas Deus continuava a prometer e&nbsp;a alimentar a f\u00e9 de Abra\u00e3o.&nbsp;<\/p>\n<p>Como pode um homem amortecido sexualmente e uma mulher que j\u00e1&nbsp;passou pela menopausa se tornarem pais de uma crian\u00e7a? Por que Deus esperou&nbsp;tanto para cumprir sua promessa? Ele fez isso para mostrar a sua gl\u00f3ria e o seu&nbsp;poder. Ele fez isso para deixar Abra\u00e3o sem muletas, s\u00f3 com a f\u00e9.&nbsp;<\/p>\n<p>\u00c9 poss\u00edvel que, no tempo de Deus, Abra\u00e3o e Sara tenham passado milagrosamente&nbsp;por um rejuvenescimento no corpo; Sara voltou a menstruar e&nbsp;Abra\u00e3o voltou a ter rela\u00e7\u00f5es com ela. O fato de Abra\u00e3o ter se casado novamente&nbsp;depois da morte de Sara e tido seis outros filhos com Quetura, a nova mulher,&nbsp;pode atestar a ideia do rejuvenescimento. Abra\u00e3o viveu mais 75 anos depois&nbsp;de ter se tornado pai de Isaque (Gn 25.7).&nbsp;<\/p>\n<p>As demoras de Deus s\u00e3o terap\u00eauticas!&nbsp;<\/p>\n<p>&nbsp;<\/p>\n<p><strong>&gt;&gt; Retirado de&nbsp;<\/strong><a href=\"https:\/\/loja.ultimato.com.br\/livros\/refeicoes-diarias-com-os-discipulos\"><strong><em>Refei\u00e7\u00f5es Di\u00e1rias com os Disc\u00edpulos<\/em><\/strong><\/a><strong> [Elben C\u00e9sar]. <\/strong><strong>Editora Ultimato.<\/strong><strong>&nbsp;<\/strong><\/p>\n<p>Ou\u00e7a e compartilhe nossas devocionais pelo <a href=\"https:\/\/open.spotify.com\/show\/7CG8DL9dgWZEgPzX3rnk51?si=1dbGejI2TQS16eamNjb2rA\">Spotify<\/a>!<\/p>\n","protected":false},"excerpt":{"rendered":"<p>Veja como a sua f\u00e9 e as suas a\u00e7\u00f5es agiram juntas. Por meio de suas a\u00e7\u00f5es,&nbsp;a sua f\u00e9 se tornou completa. (Tg 2.22)&nbsp;Abra\u00e3o \u00e9 chamado de pai espiritual \u201cde todos os que creem em Deus e s\u00e3o&nbsp;aceitos\u201d (Rm 4.11). O que salva n\u00e3o \u00e9 a circuncis\u00e3o, mas a f\u00e9. Sem f\u00e9, os&nbsp;circuncidados podem ir para [&hellip;]<\/p>\n","protected":false},"author":21,"featured_media":161,"comment_status":"open","ping_status":"open","sticky":false,"template":"","format":"standard","meta":{"ngg_post_thumbnail":0,"footnotes":""},"categories":[5478],"tags":[],"class_list":["post-10960","post","type-post","status-publish","format-standard","has-post-thumbnail","hentry","category-elben-cesar"],"publishpress_future_action":{"enabled":false,"date":"2026-05-04 15:00:19","action":"change-status","newStatus":"draft","terms":[],"taxonomy":"category","extraData":[]},"publishpress_future_workflow_manual_trigger":{"enabledWorkflows":[]},"_links":{"self":[{"href":"https:\/\/ultimato.com.br\/sites\/devocional-diaria\/wp-json\/wp\/v2\/posts\/10960","targetHints":{"allow":["GET"]}}],"collection":[{"href":"https:\/\/ultimato.com.br\/sites\/devocional-diaria\/wp-json\/wp\/v2\/posts"}],"about":[{"href":"https:\/\/ultimato.com.br\/sites\/devocional-diaria\/wp-json\/wp\/v2\/types\/post"}],"author":[{"embeddable":true,"href":"https:\/\/ultimato.com.br\/sites\/devocional-diaria\/wp-json\/wp\/v2\/users\/21"}],"replies":[{"embeddable":true,"href":"https:\/\/ultimato.com.br\/sites\/devocional-diaria\/wp-json\/wp\/v2\/comments?post=10960"}],"version-history":[{"count":1,"href":"https:\/\/ultimato.com.br\/sites\/devocional-diaria\/wp-json\/wp\/v2\/posts\/10960\/revisions"}],"predecessor-version":[{"id":10961,"href":"https:\/\/ultimato.com.br\/sites\/devocional-diaria\/wp-json\/wp\/v2\/posts\/10960\/revisions\/10961"}],"wp:featuredmedia":[{"embeddable":true,"href":"https:\/\/ultimato.com.br\/sites\/devocional-diaria\/wp-json\/wp\/v2\/media\/161"}],"wp:attachment":[{"href":"https:\/\/ultimato.com.br\/sites\/devocional-diaria\/wp-json\/wp\/v2\/media?parent=10960"}],"wp:term":[{"taxonomy":"category","embeddable":true,"href":"https:\/\/ultimato.com.br\/sites\/devocional-diaria\/wp-json\/wp\/v2\/categories?post=10960"},{"taxonomy":"post_tag","embeddable":true,"href":"https:\/\/ultimato.com.br\/sites\/devocional-diaria\/wp-json\/wp\/v2\/tags?post=10960"}],"curies":[{"name":"wp","href":"https:\/\/api.w.org\/{rel}","templated":true}]}}