{"id":10957,"date":"2024-01-31T00:00:51","date_gmt":"2024-01-31T03:00:51","guid":{"rendered":"https:\/\/ultimato.com.br\/sites\/devocional-diaria\/?p=10957"},"modified":"2024-01-25T10:20:29","modified_gmt":"2024-01-25T13:20:29","slug":"graca-suficiente-2","status":"publish","type":"post","link":"https:\/\/ultimato.com.br\/sites\/devocional-diaria\/2024\/01\/31\/autor\/j-i-packer\/graca-suficiente-2\/","title":{"rendered":"Gra\u00e7a suficiente"},"content":{"rendered":"<p>Minha gra\u00e7a \u00e9 suficiente para voc\u00ea, pois o meu poder se aperfei\u00e7oa na fraqueza. (2 Cor\u00edntios 12.9)<\/p>\n<p>Como podemos enfrentar situa\u00e7\u00f5es desconcertantes e dif\u00edceis, se n\u00e3o podemos ver, no momento, o prop\u00f3sito de Deus nelas? Primeiro, recebendo-as como vindas de Deus e perguntando a n\u00f3s mesmos que rea\u00e7\u00e3o o evangelho requer de n\u00f3s em cada caso. Segundo, buscando a face de Deus especificamente a respeito dessas situa\u00e7\u00f5es.<\/p>\n<p>Se fizermos estas duas coisas, nunca estaremos em completa escurid\u00e3o quanto ao prop\u00f3sito de Deus para nossas dificuldades. Sempre poderemos ver pelo menos o que foi permitido a Paulo ver quanto ao seu espinho na carne (qualquer que fosse). Ele diz que recebeu o espinho como \u201cum mensageiro de Satan\u00e1s\u201d (2Co 12.7), que o tentava a pensar mal de Deus. Ele resistiu a essa tenta\u00e7\u00e3o e buscou a face de Cristo por tr\u00eas vezes, pedindo-lhe que a removesse. A \u00fanica resposta que ele recebeu foi esta: \u201cMinha gra\u00e7a \u00e9 suficiente para voc\u00ea, pois o meu poder se aperfei\u00e7oa na fraqueza\u201d (v. 9).&nbsp;<\/p>\n<p>Para escrever: O que voc\u00ea acha dessas duas rea\u00e7\u00f5es a situa\u00e7\u00f5es dif\u00edceis sugeridas no texto acima? Acha que s\u00e3o naturais ou dif\u00edceis? Experimente segui-las em uma situa\u00e7\u00e3o dif\u00edcil que esteja enfrentando. Anote os resultados.<strong>&nbsp;<\/strong><\/p>\n<p><strong>&nbsp;<\/strong><\/p>\n<p><strong>&gt;&gt; Retirado de&nbsp;<\/strong><a href=\"https:\/\/loja.ultimato.com.br\/livros\/conhecendo-a-deus-ao-longo-do-ano\"><strong>Conhecendo a Deus ao Longo do Ano<\/strong><\/a><strong> [J. I. P<\/strong><strong>acker]<\/strong><strong>. <\/strong><strong>Editora Ultimato.<\/strong><\/p>\n<p>Ou\u00e7a as nossas devocionais pelo <a href=\"https:\/\/open.spotify.com\/show\/7CG8DL9dgWZEgPzX3rnk51?si=1dbGejI2TQS16eamNjb2rA\">Spotify<\/a>!<\/p>\n<p><iframe loading=\"lazy\" style=\"border-radius: 12px;\" src=\"https:\/\/open.spotify.com\/embed\/show\/7CG8DL9dgWZEgPzX3rnk51?utm_source=generator&amp;theme=0\" width=\"100%\" height=\"152\" frameborder=\"0\" allowfullscreen=\"allowfullscreen\"><\/iframe>&nbsp;<\/p>\n","protected":false},"excerpt":{"rendered":"<p>Minha gra\u00e7a \u00e9 suficiente para voc\u00ea, pois o meu poder se aperfei\u00e7oa na fraqueza. (2 Cor\u00edntios 12.9) Como podemos enfrentar situa\u00e7\u00f5es desconcertantes e dif\u00edceis, se n\u00e3o podemos ver, no momento, o prop\u00f3sito de Deus nelas? Primeiro, recebendo-as como vindas de Deus e perguntando a n\u00f3s mesmos que rea\u00e7\u00e3o o evangelho requer de n\u00f3s em cada [&hellip;]<\/p>\n","protected":false},"author":21,"featured_media":10978,"comment_status":"open","ping_status":"open","sticky":false,"template":"","format":"standard","meta":{"ngg_post_thumbnail":0,"footnotes":""},"categories":[5655],"tags":[],"class_list":["post-10957","post","type-post","status-publish","format-standard","has-post-thumbnail","hentry","category-j-i-packer"],"publishpress_future_action":{"enabled":false,"date":"2026-05-04 15:14:13","action":"change-status","newStatus":"draft","terms":[],"taxonomy":"category","extraData":[]},"publishpress_future_workflow_manual_trigger":{"enabledWorkflows":[]},"_links":{"self":[{"href":"https:\/\/ultimato.com.br\/sites\/devocional-diaria\/wp-json\/wp\/v2\/posts\/10957","targetHints":{"allow":["GET"]}}],"collection":[{"href":"https:\/\/ultimato.com.br\/sites\/devocional-diaria\/wp-json\/wp\/v2\/posts"}],"about":[{"href":"https:\/\/ultimato.com.br\/sites\/devocional-diaria\/wp-json\/wp\/v2\/types\/post"}],"author":[{"embeddable":true,"href":"https:\/\/ultimato.com.br\/sites\/devocional-diaria\/wp-json\/wp\/v2\/users\/21"}],"replies":[{"embeddable":true,"href":"https:\/\/ultimato.com.br\/sites\/devocional-diaria\/wp-json\/wp\/v2\/comments?post=10957"}],"version-history":[{"count":1,"href":"https:\/\/ultimato.com.br\/sites\/devocional-diaria\/wp-json\/wp\/v2\/posts\/10957\/revisions"}],"predecessor-version":[{"id":10958,"href":"https:\/\/ultimato.com.br\/sites\/devocional-diaria\/wp-json\/wp\/v2\/posts\/10957\/revisions\/10958"}],"wp:featuredmedia":[{"embeddable":true,"href":"https:\/\/ultimato.com.br\/sites\/devocional-diaria\/wp-json\/wp\/v2\/media\/10978"}],"wp:attachment":[{"href":"https:\/\/ultimato.com.br\/sites\/devocional-diaria\/wp-json\/wp\/v2\/media?parent=10957"}],"wp:term":[{"taxonomy":"category","embeddable":true,"href":"https:\/\/ultimato.com.br\/sites\/devocional-diaria\/wp-json\/wp\/v2\/categories?post=10957"},{"taxonomy":"post_tag","embeddable":true,"href":"https:\/\/ultimato.com.br\/sites\/devocional-diaria\/wp-json\/wp\/v2\/tags?post=10957"}],"curies":[{"name":"wp","href":"https:\/\/api.w.org\/{rel}","templated":true}]}}