{"id":10955,"date":"2024-01-30T00:00:07","date_gmt":"2024-01-30T03:00:07","guid":{"rendered":"https:\/\/ultimato.com.br\/sites\/devocional-diaria\/?p=10955"},"modified":"2024-01-25T10:19:29","modified_gmt":"2024-01-25T13:19:29","slug":"paz-de-espirito-2","status":"publish","type":"post","link":"https:\/\/ultimato.com.br\/sites\/devocional-diaria\/2024\/01\/30\/autor\/elben-cesar\/paz-de-espirito-2\/","title":{"rendered":"Paz de esp\u00edrito"},"content":{"rendered":"<p>Eu vou, mas os deixarei com assist\u00eancia plena. \u00c9 meu presente de despedida&nbsp;para voc\u00eas. Paz! N\u00e3o os deixo como geralmente acontece, com&nbsp;aquele sentimento de abandono. Portanto, n\u00e3o fiquem deprimidos nem&nbsp;perturbados. (Jo 14.27)&nbsp;<\/p>\n<p>A paz individual talvez seja mais dif\u00edcil do que a paz entre homens de ra\u00e7as&nbsp;e culturas diferentes. Por\u00e9m, ela n\u00e3o \u00e9 imposs\u00edvel nem est\u00e1 al\u00e9m do alcance&nbsp;de nossas m\u00e3os. \u00c9 uma paz complexa, delicada, interior, bem alicer\u00e7ada, que&nbsp;foge ao esquema meramente humano e depende inteiramente das rela\u00e7\u00f5es&nbsp;com Deus. A dificuldade em se obter esse tipo de paz est\u00e1 em nossos conceitos&nbsp;err\u00f4neos, e n\u00e3o na complexidade da busca.&nbsp;<\/p>\n<p>Considere a express\u00e3o de Jesus contida em Jo\u00e3o 14.27: \u201cDeixo-vos a paz,&nbsp;a <em>minha <\/em>paz vos dou; n\u00e3o vo-la dou como a d\u00e1 o mundo\u201d. Trata-se de uma&nbsp;heran\u00e7a (\u201cdeixo-vos\u201d) ou legado (\u201cvos dou\u201d) de Cristo aos <em>seus <\/em>disc\u00edpulos.&nbsp;Este \u00e9 o ponto de partida, pois a paz de Cristo \u00e9 a paz <em>com Deus<\/em>.&nbsp;<\/p>\n<p>O assunto \u00e9 profundo. Jesus fez \u201ca paz pelo sangue da sua cruz\u201d (Cl 1.20),&nbsp;isto \u00e9, ele satisfez a justi\u00e7a divina e nos reconciliou com Deus. \u201cO castigo que&nbsp;nos traz a paz estava sobre ele\u201d (Is 53.5). \u201cJustificados pois, mediante a f\u00e9,&nbsp;tenhamos paz com Deus, por meio de nosso Senhor Jesus Cristo\u201d (Rm 5.1).<\/p>\n<p>Jamais haver\u00e1 paz de esp\u00edrito, paz individual, se a alma n\u00e3o estiver em&nbsp;paz com Deus, se as rela\u00e7\u00f5es amig\u00e1veis entre o homem e seu Criador n\u00e3o&nbsp;forem restabelecidas em car\u00e1ter definitivo.<strong>&nbsp;<\/strong><\/p>\n<p><strong>&nbsp;<\/strong><\/p>\n<p><strong>&gt;&gt; Retirado de&nbsp;<\/strong><a href=\"https:\/\/loja.ultimato.com.br\/livros\/cuide-das-raizes-espere-pelos-frutos\"><strong><em>Cuide das Ra\u00edzes, Espere pelos Frutos<\/em><\/strong><strong>,<\/strong><\/a><strong> [Elben C\u00e9sar]. <\/strong><strong>Editora Ultimato.<\/strong><\/p>\n<p>Ou\u00e7a e compartilhe nossas devocionais pelo <a href=\"https:\/\/open.spotify.com\/show\/7CG8DL9dgWZEgPzX3rnk51?si=1dbGejI2TQS16eamNjb2rA\">Spotify<\/a>!<\/p>\n<p><iframe loading=\"lazy\" style=\"border-radius: 12px;\" src=\"https:\/\/open.spotify.com\/embed\/show\/7CG8DL9dgWZEgPzX3rnk51?utm_source=generator&amp;theme=0\" width=\"100%\" height=\"152\" frameborder=\"0\" allowfullscreen=\"allowfullscreen\"><\/iframe>&nbsp;<\/p>\n","protected":false},"excerpt":{"rendered":"<p>Eu vou, mas os deixarei com assist\u00eancia plena. \u00c9 meu presente de despedida&nbsp;para voc\u00eas. Paz! N\u00e3o os deixo como geralmente acontece, com&nbsp;aquele sentimento de abandono. Portanto, n\u00e3o fiquem deprimidos nem&nbsp;perturbados. (Jo 14.27)&nbsp; A paz individual talvez seja mais dif\u00edcil do que a paz entre homens de ra\u00e7as&nbsp;e culturas diferentes. Por\u00e9m, ela n\u00e3o \u00e9 imposs\u00edvel nem [&hellip;]<\/p>\n","protected":false},"author":21,"featured_media":10979,"comment_status":"open","ping_status":"open","sticky":false,"template":"","format":"standard","meta":{"ngg_post_thumbnail":0,"footnotes":""},"categories":[5478],"tags":[],"class_list":["post-10955","post","type-post","status-publish","format-standard","has-post-thumbnail","hentry","category-elben-cesar"],"publishpress_future_action":{"enabled":false,"date":"2026-05-04 13:56:49","action":"change-status","newStatus":"draft","terms":[],"taxonomy":"category","extraData":[]},"publishpress_future_workflow_manual_trigger":{"enabledWorkflows":[]},"_links":{"self":[{"href":"https:\/\/ultimato.com.br\/sites\/devocional-diaria\/wp-json\/wp\/v2\/posts\/10955","targetHints":{"allow":["GET"]}}],"collection":[{"href":"https:\/\/ultimato.com.br\/sites\/devocional-diaria\/wp-json\/wp\/v2\/posts"}],"about":[{"href":"https:\/\/ultimato.com.br\/sites\/devocional-diaria\/wp-json\/wp\/v2\/types\/post"}],"author":[{"embeddable":true,"href":"https:\/\/ultimato.com.br\/sites\/devocional-diaria\/wp-json\/wp\/v2\/users\/21"}],"replies":[{"embeddable":true,"href":"https:\/\/ultimato.com.br\/sites\/devocional-diaria\/wp-json\/wp\/v2\/comments?post=10955"}],"version-history":[{"count":1,"href":"https:\/\/ultimato.com.br\/sites\/devocional-diaria\/wp-json\/wp\/v2\/posts\/10955\/revisions"}],"predecessor-version":[{"id":10956,"href":"https:\/\/ultimato.com.br\/sites\/devocional-diaria\/wp-json\/wp\/v2\/posts\/10955\/revisions\/10956"}],"wp:featuredmedia":[{"embeddable":true,"href":"https:\/\/ultimato.com.br\/sites\/devocional-diaria\/wp-json\/wp\/v2\/media\/10979"}],"wp:attachment":[{"href":"https:\/\/ultimato.com.br\/sites\/devocional-diaria\/wp-json\/wp\/v2\/media?parent=10955"}],"wp:term":[{"taxonomy":"category","embeddable":true,"href":"https:\/\/ultimato.com.br\/sites\/devocional-diaria\/wp-json\/wp\/v2\/categories?post=10955"},{"taxonomy":"post_tag","embeddable":true,"href":"https:\/\/ultimato.com.br\/sites\/devocional-diaria\/wp-json\/wp\/v2\/tags?post=10955"}],"curies":[{"name":"wp","href":"https:\/\/api.w.org\/{rel}","templated":true}]}}