{"id":10951,"date":"2024-01-26T00:00:45","date_gmt":"2024-01-26T03:00:45","guid":{"rendered":"https:\/\/ultimato.com.br\/sites\/devocional-diaria\/?p=10951"},"modified":"2024-01-25T10:17:15","modified_gmt":"2024-01-25T13:17:15","slug":"com-os-humildes-esta-a-sabedoria-2","status":"publish","type":"post","link":"https:\/\/ultimato.com.br\/sites\/devocional-diaria\/2024\/01\/26\/autor\/elben-cesar\/com-os-humildes-esta-a-sabedoria-2\/","title":{"rendered":"Com os humildes est\u00e1 a sabedoria"},"content":{"rendered":"<p>Priscila e \u00c1quila o ouviram falar; ent\u00e3o o levaram para a casa deles e lhe explicaram melhor&nbsp;o Caminho de Deus. (18.26)&nbsp;Al\u00e9m das virtudes expl\u00edcitas de Apolo, o livro de Atos menciona mais uma:&nbsp;a humildade do bem-sucedido pregador eg\u00edpcio demonstrada pela sua disposi\u00e7\u00e3o&nbsp;de ouvir e aceitar a observa\u00e7\u00e3o de Priscila e \u00c1quila a respeito do&nbsp;batismo de Jesus. A B\u00edblia diz que a simp\u00e1tica Priscila e seu marido \u00c1quila,&nbsp;ao ouvirem a palavra de Apolo, \u201co levaram para a casa deles e lhe explicaram&nbsp;melhor o Caminho de Deus\u201d (18.26). Foi esse casal que atualizou Apolo&nbsp;no que diz respeito ao Pentecostes. O reparo n\u00e3o foi feito em p\u00fablico, mas&nbsp;em particular, dentro das quatro paredes da casa de \u00c1quila, portanto, de&nbsp;forma discreta e reservada.&nbsp;<\/p>\n<p>A cabe\u00e7a cheia de altos conhecimentos acad\u00eamicos pode tornar o pregador&nbsp;ou o te\u00f3logo arrogante e fechado para qualquer cr\u00edtica. Nem Apolo&nbsp;nem Paulo eram assim. Paulo n\u00e3o se sentiu humilhado quando os crentes&nbsp;de Bereia s\u00f3 aceitaram o seu ensino depois de conferir em casa se o que&nbsp;ap\u00f3stolo dizia era mesmo verdade de acordo com as Escrituras (17.11). Ao&nbsp;contr\u00e1rio, Paulo os elogiou por isso.&nbsp;<\/p>\n<p>Deve ter sido dif\u00edcil para Paulo fazer o que Priscila e \u00c1quila haviam feito,&nbsp;quando ele foi obrigado, a bem do evangelho, a contestar Pedro em p\u00fablico,&nbsp;por ele estar \u201ccompletamente errado\u201d ao querer \u201cobrigar os n\u00e3o judeus a&nbsp;viverem como judeus\u201d (Gl 2.11-14). Neste caso, o assunto foi tratado em&nbsp;p\u00fablico e n\u00e3o reservadamente, por causa do envolvimento de muitas pessoas&nbsp;e por causa da proje\u00e7\u00e3o de Pedro.&nbsp;<\/p>\n<p>\u00c9 bem poss\u00edvel que Apolo conhecesse o prov\u00e9rbio: \u201cO orgulhoso ser\u00e1&nbsp;logo humilhado; mas com os humildes est\u00e1 a sabedoria\u201d (Pv 11.2).<strong>&nbsp;<\/strong><\/p>\n<p><strong>&nbsp;<\/strong><\/p>\n<p><strong>&gt;&gt; Retirado de&nbsp;<\/strong><a href=\"https:\/\/loja.ultimato.com.br\/livros\/refeicoes-diarias-no-partir-do-pao-e-na-oracao\"><strong><em>Refei\u00e7\u00f5es Di\u00e1rias \u2013 no partir do p\u00e3o e na ora\u00e7\u00e3o<\/em><\/strong><\/a><strong> [Elben C\u00e9sar]. <\/strong><strong>Editora Ultimato.<\/strong><strong>&nbsp;<\/strong><\/p>\n<p>Ou\u00e7a e compartilhe nossas devocionais pelo <a href=\"https:\/\/open.spotify.com\/show\/7CG8DL9dgWZEgPzX3rnk51?si=1dbGejI2TQS16eamNjb2rA\">Spotify<\/a>!<\/p>\n<p><iframe loading=\"lazy\" style=\"border-radius: 12px;\" src=\"https:\/\/open.spotify.com\/embed\/show\/7CG8DL9dgWZEgPzX3rnk51?utm_source=generator&amp;theme=0\" width=\"100%\" height=\"152\" frameborder=\"0\" allowfullscreen=\"allowfullscreen\"><\/iframe>&nbsp;<\/p>\n","protected":false},"excerpt":{"rendered":"<p>Priscila e \u00c1quila o ouviram falar; ent\u00e3o o levaram para a casa deles e lhe explicaram melhor&nbsp;o Caminho de Deus. (18.26)&nbsp;Al\u00e9m das virtudes expl\u00edcitas de Apolo, o livro de Atos menciona mais uma:&nbsp;a humildade do bem-sucedido pregador eg\u00edpcio demonstrada pela sua disposi\u00e7\u00e3o&nbsp;de ouvir e aceitar a observa\u00e7\u00e3o de Priscila e \u00c1quila a respeito do&nbsp;batismo de [&hellip;]<\/p>\n","protected":false},"author":21,"featured_media":10973,"comment_status":"open","ping_status":"open","sticky":false,"template":"","format":"standard","meta":{"ngg_post_thumbnail":0,"footnotes":""},"categories":[5478],"tags":[],"class_list":["post-10951","post","type-post","status-publish","format-standard","has-post-thumbnail","hentry","category-elben-cesar"],"publishpress_future_action":{"enabled":false,"date":"2026-05-04 14:02:51","action":"change-status","newStatus":"draft","terms":[],"taxonomy":"category","extraData":[]},"publishpress_future_workflow_manual_trigger":{"enabledWorkflows":[]},"_links":{"self":[{"href":"https:\/\/ultimato.com.br\/sites\/devocional-diaria\/wp-json\/wp\/v2\/posts\/10951","targetHints":{"allow":["GET"]}}],"collection":[{"href":"https:\/\/ultimato.com.br\/sites\/devocional-diaria\/wp-json\/wp\/v2\/posts"}],"about":[{"href":"https:\/\/ultimato.com.br\/sites\/devocional-diaria\/wp-json\/wp\/v2\/types\/post"}],"author":[{"embeddable":true,"href":"https:\/\/ultimato.com.br\/sites\/devocional-diaria\/wp-json\/wp\/v2\/users\/21"}],"replies":[{"embeddable":true,"href":"https:\/\/ultimato.com.br\/sites\/devocional-diaria\/wp-json\/wp\/v2\/comments?post=10951"}],"version-history":[{"count":1,"href":"https:\/\/ultimato.com.br\/sites\/devocional-diaria\/wp-json\/wp\/v2\/posts\/10951\/revisions"}],"predecessor-version":[{"id":10952,"href":"https:\/\/ultimato.com.br\/sites\/devocional-diaria\/wp-json\/wp\/v2\/posts\/10951\/revisions\/10952"}],"wp:featuredmedia":[{"embeddable":true,"href":"https:\/\/ultimato.com.br\/sites\/devocional-diaria\/wp-json\/wp\/v2\/media\/10973"}],"wp:attachment":[{"href":"https:\/\/ultimato.com.br\/sites\/devocional-diaria\/wp-json\/wp\/v2\/media?parent=10951"}],"wp:term":[{"taxonomy":"category","embeddable":true,"href":"https:\/\/ultimato.com.br\/sites\/devocional-diaria\/wp-json\/wp\/v2\/categories?post=10951"},{"taxonomy":"post_tag","embeddable":true,"href":"https:\/\/ultimato.com.br\/sites\/devocional-diaria\/wp-json\/wp\/v2\/tags?post=10951"}],"curies":[{"name":"wp","href":"https:\/\/api.w.org\/{rel}","templated":true}]}}