{"id":10949,"date":"2024-01-25T00:00:36","date_gmt":"2024-01-25T03:00:36","guid":{"rendered":"https:\/\/ultimato.com.br\/sites\/devocional-diaria\/?p=10949"},"modified":"2024-01-25T09:51:55","modified_gmt":"2024-01-25T12:51:55","slug":"onde-cristo-esta-nao-ha-medo-3","status":"publish","type":"post","link":"https:\/\/ultimato.com.br\/sites\/devocional-diaria\/2024\/01\/25\/autor\/onde-cristo-esta-nao-ha-medo-3\/","title":{"rendered":"1000 devocionais di\u00e1rias para ouvir &#8211; Celebramos!"},"content":{"rendered":"<p>Ultimato celebra hoje a edi\u00e7\u00e3o n\u00famero 1.000 de devocionais di\u00e1rias em \u00e1udio!<\/p>\n<p>A iniciativa surgiu em 2020, no in\u00edcio da pandemia de Covid-19, com o objetivo de trazer mensagens di\u00e1rias de alento e esperan\u00e7a para um per\u00edodo de medo e incertezas. Desde ent\u00e3o, de segunda a sexta, s\u00e3o divulgadas medita\u00e7\u00f5es em \u00e1udio retiradas de devocion\u00e1rios publicados pela Ultimato, escritos por autores como John Stott, Stanley Jones, Eugene Peterson e o fundador da editora, o pastor Elben C\u00e9sar.<\/p>\n<p>S\u00e3o reflex\u00f5es que falam de alegria, dor, viv\u00eancias, confiss\u00f5es; conselhos para novos e experientes na f\u00e9. Tratam de assuntos do dia a dia da vida crist\u00e3, que, apesar da rotina corrida, precisam ser trazidos \u00e0 mente.<\/p>\n<p>As devocionais s\u00e3o compartilhadas nas redes sociais de Ultimato e tamb\u00e9m pelo WhatsApp. Se deseja receb\u00ea-las pelo aplicativo, envie uma mensagem para o <a href=\"https:\/\/wa.me\/5531994370043\">nosso WhatsApp<\/a> com as palavras &#8220;devocional di\u00e1ria\u201d e seu nome completo.<\/p>\n<p>N\u00f3s, diretores da Editora Ultimato, agradecemos a sua companhia at\u00e9 aqui e o apoio ao minist\u00e9rio Ultimato. Que venham muitas outras devocionais e que as boas novas continuem sendo compartilhadas, alcan\u00e7ando cora\u00e7\u00f5es sedentos pelo evangelho vivificador de Jesus Cristo.<\/p>\n<p>Muito obrigado.<\/p>\n<p>Ou\u00e7a e compartilhe nossas devocionais pelo <a href=\"https:\/\/open.spotify.com\/show\/7CG8DL9dgWZEgPzX3rnk51?si=1dbGejI2TQS16eamNjb2rA\">Spotify<\/a>!<\/p>\n<p><iframe loading=\"lazy\" style=\"border-radius: 12px;\" src=\"https:\/\/open.spotify.com\/embed\/show\/7CG8DL9dgWZEgPzX3rnk51?utm_source=generator&amp;theme=0\" width=\"100%\" height=\"152\" frameborder=\"0\" allowfullscreen=\"allowfullscreen\"><\/iframe>&nbsp;<\/p>\n","protected":false},"excerpt":{"rendered":"<p>Ultimato celebra hoje a edi\u00e7\u00e3o n\u00famero 1.000 de devocionais di\u00e1rias em \u00e1udio! A iniciativa surgiu em 2020, no in\u00edcio da pandemia de Covid-19, com o objetivo de trazer mensagens di\u00e1rias de alento e esperan\u00e7a para um per\u00edodo de medo e incertezas. Desde ent\u00e3o, de segunda a sexta, s\u00e3o divulgadas medita\u00e7\u00f5es em \u00e1udio retiradas de devocion\u00e1rios [&hellip;]<\/p>\n","protected":false},"author":21,"featured_media":10977,"comment_status":"open","ping_status":"open","sticky":false,"template":"","format":"standard","meta":{"ngg_post_thumbnail":0,"footnotes":""},"categories":[5244],"tags":[],"class_list":["post-10949","post","type-post","status-publish","format-standard","has-post-thumbnail","hentry","category-autor"],"publishpress_future_action":{"enabled":false,"date":"2026-05-04 15:28:27","action":"change-status","newStatus":"draft","terms":[],"taxonomy":"category","extraData":[]},"publishpress_future_workflow_manual_trigger":{"enabledWorkflows":[]},"_links":{"self":[{"href":"https:\/\/ultimato.com.br\/sites\/devocional-diaria\/wp-json\/wp\/v2\/posts\/10949","targetHints":{"allow":["GET"]}}],"collection":[{"href":"https:\/\/ultimato.com.br\/sites\/devocional-diaria\/wp-json\/wp\/v2\/posts"}],"about":[{"href":"https:\/\/ultimato.com.br\/sites\/devocional-diaria\/wp-json\/wp\/v2\/types\/post"}],"author":[{"embeddable":true,"href":"https:\/\/ultimato.com.br\/sites\/devocional-diaria\/wp-json\/wp\/v2\/users\/21"}],"replies":[{"embeddable":true,"href":"https:\/\/ultimato.com.br\/sites\/devocional-diaria\/wp-json\/wp\/v2\/comments?post=10949"}],"version-history":[{"count":3,"href":"https:\/\/ultimato.com.br\/sites\/devocional-diaria\/wp-json\/wp\/v2\/posts\/10949\/revisions"}],"predecessor-version":[{"id":10980,"href":"https:\/\/ultimato.com.br\/sites\/devocional-diaria\/wp-json\/wp\/v2\/posts\/10949\/revisions\/10980"}],"wp:featuredmedia":[{"embeddable":true,"href":"https:\/\/ultimato.com.br\/sites\/devocional-diaria\/wp-json\/wp\/v2\/media\/10977"}],"wp:attachment":[{"href":"https:\/\/ultimato.com.br\/sites\/devocional-diaria\/wp-json\/wp\/v2\/media?parent=10949"}],"wp:term":[{"taxonomy":"category","embeddable":true,"href":"https:\/\/ultimato.com.br\/sites\/devocional-diaria\/wp-json\/wp\/v2\/categories?post=10949"},{"taxonomy":"post_tag","embeddable":true,"href":"https:\/\/ultimato.com.br\/sites\/devocional-diaria\/wp-json\/wp\/v2\/tags?post=10949"}],"curies":[{"name":"wp","href":"https:\/\/api.w.org\/{rel}","templated":true}]}}